{"id":5985,"date":"2020-11-18T12:24:08","date_gmt":"2020-11-18T15:24:08","guid":{"rendered":"https:\/\/tvc16.com\/portal\/?p=5985"},"modified":"2020-11-18T12:24:11","modified_gmt":"2020-11-18T15:24:11","slug":"forcas-armadas-vao-auxiliar-na-logistica-e-seguranca-do-enem","status":"publish","type":"post","link":"https:\/\/tvc16.com\/portal\/2020\/11\/18\/forcas-armadas-vao-auxiliar-na-logistica-e-seguranca-do-enem\/","title":{"rendered":"For\u00e7as Armadas v\u00e3o auxiliar na log\u00edstica e seguran\u00e7a do Enem"},"content":{"rendered":"\n<h3 class=\"wp-block-heading\">Provas ser\u00e3o aplicadas em janeiro de 2021<\/h3>\n\n\n\n<p>A pedido do Instituto Nacional de Estudos e Pesquisas Educacionais An\u00edsio Teixeira (Inep), \u00f3rg\u00e3o do MEC respons\u00e1vel pela aplica\u00e7\u00e3o do Exame Nacional de Ensino M\u00e9dio (Enem), as For\u00e7as Armadas&nbsp;v\u00e3o&nbsp;prestar apoio log\u00edstico ao Minist\u00e9rio da Educa\u00e7\u00e3o (MEC) na realiza\u00e7\u00e3o&nbsp;da edi\u00e7\u00e3o de 2020.<img decoding=\"async\" src=\"https:\/\/agenciabrasil.ebc.com.br\/ebc.png?id=1393846&amp;o=node\"><img decoding=\"async\" src=\"https:\/\/agenciabrasil.ebc.com.br\/ebc.gif?id=1393846&amp;o=node\"><\/p>\n\n\n\n<p>Por causa da pandemia do novo coronav\u00edrus, as provas impressas ser\u00e3o aplicadas nos&nbsp;dias 17 e&nbsp;24 de janeiro.&nbsp;Na vers\u00e3o digital, o exame ser\u00e1 nos dias&nbsp;31 de janeiro&nbsp;e&nbsp;7 de fevereiro.&nbsp;Na portaria,&nbsp;publicada nesta&nbsp;quarta-feira (18)&nbsp;no&nbsp;<em><a href=\"https:\/\/www.in.gov.br\/web\/dou\/-\/portaria-n-3.748\/gm-md-de-13-de-novembro-de-2020-288979278\" target=\"_blank\" rel=\"noreferrer noopener\">Di\u00e1rio Oficial da Uni\u00e3o<\/a>,<\/em>&nbsp;o ministro da&nbsp;Defesa, Fernando Azevedo e Silva&nbsp;autoriza a atua\u00e7\u00e3o das for\u00e7as.<\/p>\n\n\n\n<p>Segundo o Inep, h\u00e1 5.783.357 inscritos para o Enem, sendo 5.687.271 para o exame impresso e 96.086 para o digital, que \u00e9 novidade nesta edi\u00e7\u00e3o. Esta\u00a0n\u00e3o \u00e9 a a primeira vez que\u00a0<a rel=\"noreferrer noopener\" href=\"https:\/\/agenciabrasil.ebc.com.br\/educacao\/noticia\/2020-10\/ministerio-da-justica-monta-sistema-de-acompanhamento-do-enem\" target=\"_blank\">militares\u00a0s\u00e3o requisitados<\/a>\u00a0para auxiliar\u00a0na log\u00edstica e tamb\u00e9m na seguran\u00e7a\u00a0do exame.<\/p>\n\n\n\n<p>Por Karine Melo &#8211; Rep\u00f3rter da Ag\u00eancia Brasil &#8211; Bras\u00edlia<\/p>\n\n\n\n<p>Edi\u00e7\u00e3o: Gra\u00e7a Adjuto<\/p>\n","protected":false},"excerpt":{"rendered":"<p>Provas ser\u00e3o aplicadas em janeiro de 2021 A pedido do Instituto Nacional de Estudos e<\/p>\n","protected":false},"author":2,"featured_media":5986,"comment_status":"open","ping_status":"open","sticky":false,"template":"","format":"standard","meta":{"footnotes":""},"categories":[19],"tags":[],"class_list":["post-5985","post","type-post","status-publish","format-standard","has-post-thumbnail","hentry","category-educacao"],"_links":{"self":[{"href":"https:\/\/tvc16.com\/portal\/wp-json\/wp\/v2\/posts\/5985","targetHints":{"allow":["GET"]}}],"collection":[{"href":"https:\/\/tvc16.com\/portal\/wp-json\/wp\/v2\/posts"}],"about":[{"href":"https:\/\/tvc16.com\/portal\/wp-json\/wp\/v2\/types\/post"}],"author":[{"embeddable":true,"href":"https:\/\/tvc16.com\/portal\/wp-json\/wp\/v2\/users\/2"}],"replies":[{"embeddable":true,"href":"https:\/\/tvc16.com\/portal\/wp-json\/wp\/v2\/comments?post=5985"}],"version-history":[{"count":1,"href":"https:\/\/tvc16.com\/portal\/wp-json\/wp\/v2\/posts\/5985\/revisions"}],"predecessor-version":[{"id":5987,"href":"https:\/\/tvc16.com\/portal\/wp-json\/wp\/v2\/posts\/5985\/revisions\/5987"}],"wp:featuredmedia":[{"embeddable":true,"href":"https:\/\/tvc16.com\/portal\/wp-json\/wp\/v2\/media\/5986"}],"wp:attachment":[{"href":"https:\/\/tvc16.com\/portal\/wp-json\/wp\/v2\/media?parent=5985"}],"wp:term":[{"taxonomy":"category","embeddable":true,"href":"https:\/\/tvc16.com\/portal\/wp-json\/wp\/v2\/categories?post=5985"},{"taxonomy":"post_tag","embeddable":true,"href":"https:\/\/tvc16.com\/portal\/wp-json\/wp\/v2\/tags?post=5985"}],"curies":[{"name":"wp","href":"https:\/\/api.w.org\/{rel}","templated":true}]}}