{"id":5988,"date":"2020-11-18T12:26:40","date_gmt":"2020-11-18T15:26:40","guid":{"rendered":"https:\/\/tvc16.com\/portal\/?p=5988"},"modified":"2020-11-18T12:26:42","modified_gmt":"2020-11-18T15:26:42","slug":"caixa-credita-r-13-bi-de-auxilio-para-nascidos-em-novembro","status":"publish","type":"post","link":"https:\/\/tvc16.com\/portal\/2020\/11\/18\/caixa-credita-r-13-bi-de-auxilio-para-nascidos-em-novembro\/","title":{"rendered":"Caixa credita R$ 1,3 bi de aux\u00edlio para nascidos em novembro"},"content":{"rendered":"\n<h2 class=\"wp-block-heading\">No total, s\u00e3o 3,4 milh\u00f5es de benefici\u00e1rios com cr\u00e9dito liberado\u00a0hoje<\/h2>\n\n\n\n<h4 class=\"wp-block-heading\">Benefici\u00e1rios do aux\u00edlio emergencial nascidos em novembro recebem\u00a0hoje\u00a0(18) cr\u00e9dito nas contas poupan\u00e7a social, no total de R$ 1,3 bilh\u00e3o. S\u00e3o 3,4 milh\u00f5es de brasileiros que fazem parte do ciclo 4.<img decoding=\"async\" src=\"https:\/\/agenciabrasil.ebc.com.br\/ebc.png?id=1393834&amp;o=node\"><img decoding=\"async\" src=\"https:\/\/agenciabrasil.ebc.com.br\/ebc.gif?id=1393834&amp;o=node\"><\/h4>\n\n\n\n<p>Desse total, 624,2 mil receber\u00e3o R$ 408,8 milh\u00f5es referentes \u00e0s parcelas do aux\u00edlio emergencial. Os demais, 2,8 milh\u00f5es, ser\u00e3o contemplados com a&nbsp;segunda&nbsp;parcela do Aux\u00edlio Emergencial Extens\u00e3o, em um montante de R$ 907 milh\u00f5es.<\/p>\n\n\n\n<p>A partir de&nbsp;hoje, os valores j\u00e1 podem ser movimentados pelo aplicativo Caixa Tem para pagamento de boletos, compras na internet e pelas maquininhas em mais de 1&nbsp;milh\u00e3o de estabelecimentos comerciais.<\/p>\n\n\n\n<p>O benef\u00edcio, criado em abril pelo governo federal, foi estendido at\u00e9&nbsp;31 de dezembro&nbsp;por meio da Medida Provis\u00f3ria (MP) n\u00ba 1.000. O Aux\u00edlio Emergencial Extens\u00e3o ser\u00e1 pago em at\u00e9 quatro parcelas de R$ 300 cada e, no caso das m\u00e3es chefes de fam\u00edlia monoparental, o valor \u00e9 de R$ 600.<\/p>\n\n\n\n<p>A Caixa lembra que n\u00e3o h\u00e1 necessidade de novo requerimento para receber a extens\u00e3o do aux\u00edlio. Somente aqueles que j\u00e1 foram beneficiados e, a partir de agora, se enquadram nos novos requisitos estabelecidos na MP,&nbsp;ter\u00e3o direito a continuar recebendo o benef\u00edcio.<\/p>\n\n\n\n<p>Saques e transfer\u00eancias para quem recebe o cr\u00e9dito nesta quarta-feira ser\u00e3o liberados a partir do dia&nbsp;5 de dezembro.<\/p>\n\n\n\n<p>Hoje, a Caixa tamb\u00e9m paga\u00a0a terceira parcela do Aux\u00edlio Emergencial Extens\u00e3o para 1,6 milh\u00e3o de benefici\u00e1rios do\u00a0<a rel=\"noreferrer noopener\" href=\"https:\/\/agenciabrasil.ebc.com.br\/economia\/noticia\/2020-11\/beneficiarios-do-bolsa-familia-com-nis-final-2-recebem-hoje-auxilio\" target=\"_blank\">Bolsa Fam\u00edli<\/a>a com NIS final\u00a02.<\/p>\n\n\n\n<p>Por Kelly Oliveira &#8211; Rep\u00f3rter da Ag\u00eancia Brasil &#8211; Bras\u00edlia<\/p>\n\n\n\n<p>Edi\u00e7\u00e3o: Gra\u00e7a Adjuto<\/p>\n","protected":false},"excerpt":{"rendered":"<p>No total, s\u00e3o 3,4 milh\u00f5es de benefici\u00e1rios com cr\u00e9dito liberado\u00a0hoje Benefici\u00e1rios do aux\u00edlio emergencial nascidos<\/p>\n","protected":false},"author":2,"featured_media":5989,"comment_status":"open","ping_status":"open","sticky":false,"template":"","format":"standard","meta":{"footnotes":""},"categories":[14],"tags":[],"class_list":["post-5988","post","type-post","status-publish","format-standard","has-post-thumbnail","hentry","category-pais"],"_links":{"self":[{"href":"https:\/\/tvc16.com\/portal\/wp-json\/wp\/v2\/posts\/5988","targetHints":{"allow":["GET"]}}],"collection":[{"href":"https:\/\/tvc16.com\/portal\/wp-json\/wp\/v2\/posts"}],"about":[{"href":"https:\/\/tvc16.com\/portal\/wp-json\/wp\/v2\/types\/post"}],"author":[{"embeddable":true,"href":"https:\/\/tvc16.com\/portal\/wp-json\/wp\/v2\/users\/2"}],"replies":[{"embeddable":true,"href":"https:\/\/tvc16.com\/portal\/wp-json\/wp\/v2\/comments?post=5988"}],"version-history":[{"count":1,"href":"https:\/\/tvc16.com\/portal\/wp-json\/wp\/v2\/posts\/5988\/revisions"}],"predecessor-version":[{"id":5990,"href":"https:\/\/tvc16.com\/portal\/wp-json\/wp\/v2\/posts\/5988\/revisions\/5990"}],"wp:featuredmedia":[{"embeddable":true,"href":"https:\/\/tvc16.com\/portal\/wp-json\/wp\/v2\/media\/5989"}],"wp:attachment":[{"href":"https:\/\/tvc16.com\/portal\/wp-json\/wp\/v2\/media?parent=5988"}],"wp:term":[{"taxonomy":"category","embeddable":true,"href":"https:\/\/tvc16.com\/portal\/wp-json\/wp\/v2\/categories?post=5988"},{"taxonomy":"post_tag","embeddable":true,"href":"https:\/\/tvc16.com\/portal\/wp-json\/wp\/v2\/tags?post=5988"}],"curies":[{"name":"wp","href":"https:\/\/api.w.org\/{rel}","templated":true}]}}