{"id":5991,"date":"2020-11-18T12:29:07","date_gmt":"2020-11-18T15:29:07","guid":{"rendered":"https:\/\/tvc16.com\/portal\/?p=5991"},"modified":"2020-11-18T12:29:10","modified_gmt":"2020-11-18T15:29:10","slug":"brasil-deve-sediar-escritorio-da-organizacao-mundial-do-turismo","status":"publish","type":"post","link":"https:\/\/tvc16.com\/portal\/2020\/11\/18\/brasil-deve-sediar-escritorio-da-organizacao-mundial-do-turismo\/","title":{"rendered":"Brasil deve sediar escrit\u00f3rio da Organiza\u00e7\u00e3o Mundial do Turismo"},"content":{"rendered":"\n<h2 class=\"wp-block-heading\">Informa\u00e7\u00e3o \u00e9 do presidente da Embratur, Gilberto Machado<\/h2>\n\n\n\n<p>O Brasil deve abrigar uma das sedes da Organiza\u00e7\u00e3o Mundial do Turismo (OMT), informou nesta ter\u00e7a-feira (17) o presidente da Ag\u00eancia Brasileira de Promo\u00e7\u00e3o Internacional do Turismo (Embratur), Gilson Machado. Durante cerim\u00f4nia no Pal\u00e1cio do Planalto para comemorar os 54 anos da Embratur, que contou com a participa\u00e7\u00e3o do presidente Jair Bolsonaro, Machado destacou a visita do diretor-geral da OMT, Zurab Pololikashvili.&nbsp;&nbsp;&nbsp;&nbsp;<img decoding=\"async\" src=\"https:\/\/agenciabrasil.ebc.com.br\/ebc.png?id=1393803&amp;o=node\"><img decoding=\"async\" src=\"https:\/\/agenciabrasil.ebc.com.br\/ebc.gif?id=1393803&amp;o=node\"><\/p>\n\n\n\n<p>&#8220;N\u00f3s temos a Organiza\u00e7\u00e3o Mundial do Turismo aqui, trazendo excelentes not\u00edcias, que o Brasil foi escolhido para receber um dos quatro escrit\u00f3rios da OMT no mundo&#8221;, afirmou. Ontem (16), Pololikashvili se reuniu em Bras\u00edlia com o presidente Jair Bolsonaro. O diretor-geral da OMT, que \u00e9 uma das ag\u00eancias da Organiza\u00e7\u00e3o das Na\u00e7\u00f5es Unidas, tamb\u00e9m cumpriu agenda oficial no Rio de Janeiro, ao lado do ministro do Turismo, Marcelo \u00c1lvaro Ant\u00f4nio. O escrit\u00f3rio da OMT no Brasil ser\u00e1 o primeiro da entidade na Am\u00e9rica Latina e deve concentrar esfor\u00e7os para desenvolver o turismo no continente.&nbsp;Gilson Machado chegou a citar Rio de Janeiro, Bras\u00edlia e Manaus como poss\u00edveis sedes para o escrit\u00f3rio da OMT, mas essa decis\u00e3o n\u00e3o est\u00e1 tomada.<\/p>\n\n\n\n<p>Na cerim\u00f4nia que marcou os 54 anos da Embratur, os Correios tamb\u00e9m lan\u00e7aram um selo personalizado e um carimbo alusivo ao anivers\u00e1rio da ag\u00eancia. Desde maio, quando a&nbsp;<a href=\"https:\/\/agenciabrasil.ebc.com.br\/politica\/noticia\/2020-05\/bolsonaro-sanciona-parcialmente-lei-que-cria-nova-embratur\" target=\"_blank\" rel=\"noreferrer noopener\">Medida Provis\u00f3ria&nbsp;907<\/a>&nbsp;foi sancionada, a Embratur se tornou, de forma definitiva, uma ag\u00eancia com status de servi\u00e7o social aut\u00f4nomo, sob regime jur\u00eddico de direito privado, sem fins lucrativos, de interesse coletivo e de utilidade p\u00fablica. Antes, a institui\u00e7\u00e3o funcionava como uma autarquia federal. No novo formato, a Embratur pode receber recursos privados, como contribui\u00e7\u00f5es do Sistema S e ganhou mais autonomia administrativa para promover produtos e servi\u00e7os tur\u00edsticos no Brasil e no exterior.&nbsp;<\/p>\n\n\n\n<p>De acordo com Gilson Machado, apesar do setor ter sido fortemente afetado durante a pandemia, a recupera\u00e7\u00e3o do turismo no Brasil j\u00e1 est\u00e1 sendo refletida nas estat\u00edsticas. &#8220;O Brasil \u00e9 o pa\u00eds que tem o maior potencial no per\u00edodo p\u00f3s-pandemia. Hoje, de acordo com dados do Minist\u00e9rio do Turismo, j\u00e1 estamos com 88% do nosso fluxo de turistas internos recuperado. Poucos pa\u00edses do mundo podem dizer isso. Temos as nossas companhias a\u00e9reas voltando a trabalhar em torno de 80% das opera\u00e7\u00f5es, e alguns hubs j\u00e1 est\u00e3o 100%, como o aeroporto de Recife, que j\u00e1 ultrapassou os n\u00fameros de 2019&#8221;. Na semana passada, o governo federal&nbsp;<a href=\"https:\/\/agenciabrasil.ebc.com.br\/economia\/noticia\/2020-11\/governo-lanca-conjunto-de-medidas-para-retomada-do-turismo-no-pais\" target=\"_blank\" rel=\"noreferrer noopener\">lan\u00e7ou um pacote<\/a>&nbsp;de medidas para estimular a retomada do turismo no pa\u00eds.<\/p>\n\n\n\n<figure class=\"wp-block-image\"><img decoding=\"async\" src=\"https:\/\/imagens.ebc.com.br\/fJZkFJ01YYL1Rz-nsQzqMrBj3MU=\/754x0\/smart\/https:\/\/agenciabrasil.ebc.com.br\/sites\/default\/files\/thumbnails\/image\/embratur-54anos-mcamgo_abr_171120201892.jpg?itok=8hWRqoya\" alt=\"O presidente dos Correios, Floriano Peixoto, e o presidente da Embratur, Gilson Machado, durante solenidade alusiva aos 54 anos da Embratur e do lan\u00e7amento do selo comemorativo  no Pal\u00e1cio do Planalto.\" title=\"Marcelo Camargo\/Ag\u00eancia Brasil\"\/><\/figure>\n\n\n\n<h6 class=\"wp-block-heading\">O presidente dos Correios, Floriano Peixoto, e o presidente da Embratur, Gilson Machado, durante solenidade alusiva aos 54 anos da Embratur e do lan\u00e7amento do selo comemorativo no Pal\u00e1cio do Planalto. &#8211;\u00a0<strong>Marcelo Camargo\/Ag\u00eancia Brasil<\/strong><\/h6>\n\n\n\n<p>Por Pedro Rafael Vilela &#8211; Rep\u00f3rter da Ag\u00eancia Brasil &#8211; Bras\u00edlia<\/p>\n\n\n\n<p>Edi\u00e7\u00e3o: Aline Leal<\/p>\n","protected":false},"excerpt":{"rendered":"<p>Informa\u00e7\u00e3o \u00e9 do presidente da Embratur, Gilberto Machado O Brasil deve abrigar uma das sedes<\/p>\n","protected":false},"author":2,"featured_media":5992,"comment_status":"open","ping_status":"open","sticky":false,"template":"","format":"standard","meta":{"footnotes":""},"categories":[15],"tags":[],"class_list":["post-5991","post","type-post","status-publish","format-standard","has-post-thumbnail","hentry","category-politica"],"_links":{"self":[{"href":"https:\/\/tvc16.com\/portal\/wp-json\/wp\/v2\/posts\/5991","targetHints":{"allow":["GET"]}}],"collection":[{"href":"https:\/\/tvc16.com\/portal\/wp-json\/wp\/v2\/posts"}],"about":[{"href":"https:\/\/tvc16.com\/portal\/wp-json\/wp\/v2\/types\/post"}],"author":[{"embeddable":true,"href":"https:\/\/tvc16.com\/portal\/wp-json\/wp\/v2\/users\/2"}],"replies":[{"embeddable":true,"href":"https:\/\/tvc16.com\/portal\/wp-json\/wp\/v2\/comments?post=5991"}],"version-history":[{"count":1,"href":"https:\/\/tvc16.com\/portal\/wp-json\/wp\/v2\/posts\/5991\/revisions"}],"predecessor-version":[{"id":5993,"href":"https:\/\/tvc16.com\/portal\/wp-json\/wp\/v2\/posts\/5991\/revisions\/5993"}],"wp:featuredmedia":[{"embeddable":true,"href":"https:\/\/tvc16.com\/portal\/wp-json\/wp\/v2\/media\/5992"}],"wp:attachment":[{"href":"https:\/\/tvc16.com\/portal\/wp-json\/wp\/v2\/media?parent=5991"}],"wp:term":[{"taxonomy":"category","embeddable":true,"href":"https:\/\/tvc16.com\/portal\/wp-json\/wp\/v2\/categories?post=5991"},{"taxonomy":"post_tag","embeddable":true,"href":"https:\/\/tvc16.com\/portal\/wp-json\/wp\/v2\/tags?post=5991"}],"curies":[{"name":"wp","href":"https:\/\/api.w.org\/{rel}","templated":true}]}}