{"id":5994,"date":"2020-11-18T12:31:07","date_gmt":"2020-11-18T15:31:07","guid":{"rendered":"https:\/\/tvc16.com\/portal\/?p=5994"},"modified":"2020-11-18T12:31:10","modified_gmt":"2020-11-18T15:31:10","slug":"governo-transfere-para-o-ppi-competencia-para-privatizacao-da-telebras","status":"publish","type":"post","link":"https:\/\/tvc16.com\/portal\/2020\/11\/18\/governo-transfere-para-o-ppi-competencia-para-privatizacao-da-telebras\/","title":{"rendered":"Governo transfere para o PPI compet\u00eancia para privatiza\u00e7\u00e3o da Telebras"},"content":{"rendered":"\n<h2 class=\"wp-block-heading\">Medida foi publicada hoje no Di\u00e1rio Oficial da Uni\u00e3o<\/h2>\n\n\n\n<p>O presidente Jair Bolsonaro assinou decreto que d\u00e1 continuidade ao projeto de privatiza\u00e7\u00e3o da Telebras no \u00e2mbito do Programa de Parcerias de Investimentos (PPI), do Minist\u00e9rio da Economia. A medida foi publicada hoje (18) no&nbsp;<em><a href=\"https:\/\/pesquisa.in.gov.br\/imprensa\/jsp\/visualiza\/index.jsp?data=18\/11\/2020&amp;jornal=515&amp;pagina=145&amp;totalArquivos=230\" target=\"_blank\" rel=\"noreferrer noopener\">Di\u00e1rio Oficial da Uni\u00e3o<\/a><\/em>&nbsp;e transfere as compet\u00eancias da Comiss\u00e3o Especial de Supervis\u00e3o do Minist\u00e9rio das Comunica\u00e7\u00f5es para o PPI.<img decoding=\"async\" src=\"https:\/\/agenciabrasil.ebc.com.br\/ebc.png?id=1393837&amp;o=node\"><img decoding=\"async\" src=\"https:\/\/agenciabrasil.ebc.com.br\/ebc.gif?id=1393837&amp;o=node\"><\/p>\n\n\n\n<p>Pela&nbsp;<a href=\"http:\/\/www.planalto.gov.br\/ccivil_03\/leis\/l9472.htm\" target=\"_blank\" rel=\"noreferrer noopener\">Lei Geral de Telecomunica\u00e7\u00f5es<\/a>, que trata da organiza\u00e7\u00e3o desses servi\u00e7os, a comiss\u00e3o \u00e9 a respons\u00e1vel por coordenar o modelo de reestrutura\u00e7\u00e3o e desestatiza\u00e7\u00e3o da Telebr\u00e1s, Embratel e outras empresas controladas do setor. Com o decreto de hoje, essas atribui\u00e7\u00f5es ficam a cargo do Conselho do PPI (CPPI).<\/p>\n\n\n\n<p>Em nota, a Secretaria-Geral da Presid\u00eancia informou que a Telebras&nbsp;j\u00e1&nbsp;<a href=\"https:\/\/www.in.gov.br\/en\/web\/dou\/-\/decreto-n-10.067-de-15-de-outubro-de-2019-222055982\" target=\"_blank\" rel=\"noreferrer noopener\">fazia parte da carteira<\/a>&nbsp;do PPI desde 2019, para a realiza\u00e7\u00e3o de estudos e avalia\u00e7\u00e3o de alternativas de parceria com a iniciativa privada. O comit\u00ea interministerial, criado na ocasi\u00e3o da qualifica\u00e7\u00e3o, continuar\u00e1 ativo para subsidiar e orientar as decis\u00f5es do CPPI. Ele \u00e9 composto por integrantes dos minist\u00e9rios da Economia e das Comunica\u00e7\u00f5es.<\/p>\n\n\n\n<p>Al\u00e9m disso, o texto possibilita a contrata\u00e7\u00e3o, via Minist\u00e9rio da Economia, de institui\u00e7\u00e3o financeira para a execu\u00e7\u00e3o dos procedimentos operacionais necess\u00e1rios \u00e0 segunda fase dos estudos de desestatiza\u00e7\u00e3o, tamb\u00e9m nos termos da Lei Geral de Telecomunica\u00e7\u00f5es.<\/p>\n\n\n\n<p>\u201cNa pr\u00e1tica, a medida fortalece a governan\u00e7a do processo de desestatiza\u00e7\u00e3o da empresa, ao colocar na condu\u00e7\u00e3o do projeto o mesmo colegiado interministerial, respons\u00e1vel por aprovar os estudos preliminares referentes \u00e0 desestatiza\u00e7\u00e3o da Telebras. A expectativa \u00e9 trazer mais celeridade e incrementar efici\u00eancia administrativa, uma vez que o Comit\u00ea Interministerial acompanhar\u00e1 os estudos at\u00e9 a delibera\u00e7\u00e3o pelo CPPI\u201d, diz a nota.<\/p>\n\n\n\n<p>Por Andreia Verd\u00e9lio \u2013 Rep\u00f3rter da Ag\u00eancia Brasil &#8211; Bras\u00edlia<\/p>\n\n\n\n<p>Edi\u00e7\u00e3o: Denise Griesinger<\/p>\n","protected":false},"excerpt":{"rendered":"<p>Medida foi publicada hoje no Di\u00e1rio Oficial da Uni\u00e3o O presidente Jair Bolsonaro assinou decreto<\/p>\n","protected":false},"author":2,"featured_media":5995,"comment_status":"open","ping_status":"open","sticky":false,"template":"","format":"standard","meta":{"footnotes":""},"categories":[15],"tags":[],"class_list":["post-5994","post","type-post","status-publish","format-standard","has-post-thumbnail","hentry","category-politica"],"_links":{"self":[{"href":"https:\/\/tvc16.com\/portal\/wp-json\/wp\/v2\/posts\/5994","targetHints":{"allow":["GET"]}}],"collection":[{"href":"https:\/\/tvc16.com\/portal\/wp-json\/wp\/v2\/posts"}],"about":[{"href":"https:\/\/tvc16.com\/portal\/wp-json\/wp\/v2\/types\/post"}],"author":[{"embeddable":true,"href":"https:\/\/tvc16.com\/portal\/wp-json\/wp\/v2\/users\/2"}],"replies":[{"embeddable":true,"href":"https:\/\/tvc16.com\/portal\/wp-json\/wp\/v2\/comments?post=5994"}],"version-history":[{"count":1,"href":"https:\/\/tvc16.com\/portal\/wp-json\/wp\/v2\/posts\/5994\/revisions"}],"predecessor-version":[{"id":5996,"href":"https:\/\/tvc16.com\/portal\/wp-json\/wp\/v2\/posts\/5994\/revisions\/5996"}],"wp:featuredmedia":[{"embeddable":true,"href":"https:\/\/tvc16.com\/portal\/wp-json\/wp\/v2\/media\/5995"}],"wp:attachment":[{"href":"https:\/\/tvc16.com\/portal\/wp-json\/wp\/v2\/media?parent=5994"}],"wp:term":[{"taxonomy":"category","embeddable":true,"href":"https:\/\/tvc16.com\/portal\/wp-json\/wp\/v2\/categories?post=5994"},{"taxonomy":"post_tag","embeddable":true,"href":"https:\/\/tvc16.com\/portal\/wp-json\/wp\/v2\/tags?post=5994"}],"curies":[{"name":"wp","href":"https:\/\/api.w.org\/{rel}","templated":true}]}}