{"id":6000,"date":"2020-11-18T13:11:23","date_gmt":"2020-11-18T16:11:23","guid":{"rendered":"https:\/\/tvc16.com\/portal\/?p=6000"},"modified":"2020-11-18T13:11:26","modified_gmt":"2020-11-18T16:11:26","slug":"reino-unido-proibira-carros-a-gasolina-ate-2030-visando-zerar-emissoes","status":"publish","type":"post","link":"https:\/\/tvc16.com\/portal\/2020\/11\/18\/reino-unido-proibira-carros-a-gasolina-ate-2030-visando-zerar-emissoes\/","title":{"rendered":"Reino Unido proibir\u00e1 carros a gasolina at\u00e9 2030 visando zerar emiss\u00f5es"},"content":{"rendered":"\n<h3 class=\"wp-block-heading\">Governo quer criar mais empregos de qualidade<\/h3>\n\n\n\n<h4 class=\"wp-block-heading\"> Por Susanna Twidale &#8211; da ag\u00eancia Reuters &#8211; Londres<\/h4>\n\n\n\n<p>O Reino Unido proibir\u00e1 a venda de novos carros e vans movidos a gasolina e diesel a partir de 2030, como parte do que o primeiro-ministro brit\u00e2nico, Boris Johnson, est\u00e1 alardeando como uma &#8220;revolu\u00e7\u00e3o verde&#8221; visando zerar as emiss\u00f5es de carbono do pa\u00eds at\u00e9 2050.<img decoding=\"async\" src=\"https:\/\/agenciabrasil.ebc.com.br\/ebc.png?id=1393852&amp;o=node\"><img decoding=\"async\" src=\"https:\/\/agenciabrasil.ebc.com.br\/ebc.gif?id=1393852&amp;o=node\"><\/p>\n\n\n\n<p>Johnson, cujo pa\u00eds enfrenta a crise de covid-19 mais mortal da Europa junto com duras negocia\u00e7\u00f5es comerciais do Brexit, quer ressaltar suas credenciais verdes, no que espera ser um recome\u00e7o para seu governo, ap\u00f3s a sa\u00edda de seu mais importante assessor.<\/p>\n\n\n\n<p>&#8220;Agora \u00e9 a hora de planejar uma recupera\u00e7\u00e3o verde com empregos de alta qualifica\u00e7\u00e3o que deem \u00e0s pessoas a satisfa\u00e7\u00e3o de saber que est\u00e3o ajudando a tornar o pa\u00eds mais limpo, mais verde e mais bonito&#8221;, disse Johnson em uma coluna publicada no jornal Financial Times.<\/p>\n\n\n\n<p>No ano passado, o Reino Unido se tornou o primeiro pa\u00eds do G7 [grupo composto por Alemanha, Canad\u00e1, Estados Unidos, Fran\u00e7a, It\u00e1lia, Jap\u00e3o e Reino Unido] a aprovar uma legisla\u00e7\u00e3o com a meta de zerar as emiss\u00f5es at\u00e9 2050, o que exigir\u00e1 mudan\u00e7as generalizadas na maneira como os brit\u00e2nicos viajam, usam a energia e se alimentam.<\/p>\n","protected":false},"excerpt":{"rendered":"<p>Governo quer criar mais empregos de qualidade Por Susanna Twidale &#8211; da ag\u00eancia Reuters &#8211;<\/p>\n","protected":false},"author":2,"featured_media":6004,"comment_status":"open","ping_status":"open","sticky":false,"template":"","format":"standard","meta":{"footnotes":""},"categories":[22],"tags":[],"class_list":["post-6000","post","type-post","status-publish","format-standard","has-post-thumbnail","hentry","category-internacional"],"_links":{"self":[{"href":"https:\/\/tvc16.com\/portal\/wp-json\/wp\/v2\/posts\/6000","targetHints":{"allow":["GET"]}}],"collection":[{"href":"https:\/\/tvc16.com\/portal\/wp-json\/wp\/v2\/posts"}],"about":[{"href":"https:\/\/tvc16.com\/portal\/wp-json\/wp\/v2\/types\/post"}],"author":[{"embeddable":true,"href":"https:\/\/tvc16.com\/portal\/wp-json\/wp\/v2\/users\/2"}],"replies":[{"embeddable":true,"href":"https:\/\/tvc16.com\/portal\/wp-json\/wp\/v2\/comments?post=6000"}],"version-history":[{"count":1,"href":"https:\/\/tvc16.com\/portal\/wp-json\/wp\/v2\/posts\/6000\/revisions"}],"predecessor-version":[{"id":6005,"href":"https:\/\/tvc16.com\/portal\/wp-json\/wp\/v2\/posts\/6000\/revisions\/6005"}],"wp:featuredmedia":[{"embeddable":true,"href":"https:\/\/tvc16.com\/portal\/wp-json\/wp\/v2\/media\/6004"}],"wp:attachment":[{"href":"https:\/\/tvc16.com\/portal\/wp-json\/wp\/v2\/media?parent=6000"}],"wp:term":[{"taxonomy":"category","embeddable":true,"href":"https:\/\/tvc16.com\/portal\/wp-json\/wp\/v2\/categories?post=6000"},{"taxonomy":"post_tag","embeddable":true,"href":"https:\/\/tvc16.com\/portal\/wp-json\/wp\/v2\/tags?post=6000"}],"curies":[{"name":"wp","href":"https:\/\/api.w.org\/{rel}","templated":true}]}}