{"id":6009,"date":"2020-11-18T13:17:07","date_gmt":"2020-11-18T16:17:07","guid":{"rendered":"https:\/\/tvc16.com\/portal\/?p=6009"},"modified":"2020-11-18T13:17:10","modified_gmt":"2020-11-18T16:17:10","slug":"atletico-mg-vive-surto-de-covid-19-com-mais-dez-casos-confirmados","status":"publish","type":"post","link":"https:\/\/tvc16.com\/portal\/2020\/11\/18\/atletico-mg-vive-surto-de-covid-19-com-mais-dez-casos-confirmados\/","title":{"rendered":"Atl\u00e9tico-MG vive surto de covid-19 com mais dez casos confirmados"},"content":{"rendered":"\n<h3 class=\"wp-block-heading\">N\u00famero de infectados chega a 19 e time joga esta noite em BH<\/h3>\n\n\n\n<p>A poucas horas de entrar em campo pela S\u00e9rie A do Campeonato Brasileiro, o Atl\u00e9tico Mineiro confirmou mais dez casos do novo coronav\u00edrus (covid-19) na manh\u00e3 desta&nbsp;quarta-feira (18), al\u00e9m de outros nove anunciados&nbsp;na \u00faltima segunda(16).&nbsp; Entre os infectados est\u00e3o&nbsp;R\u00e9ver (zagueiro), Guga (lateral-direito), Allan (volante), Eduardo Vargas (atacante) e Victor (goleiro).&nbsp;<img decoding=\"async\" src=\"https:\/\/agenciabrasil.ebc.com.br\/ebc.png?id=1393849&amp;o=node\"><img decoding=\"async\" src=\"https:\/\/agenciabrasil.ebc.com.br\/ebc.gif?id=1393849&amp;o=node\"><\/p>\n\n\n\n<p>Tamb\u00e9m testaram positivo para covid-19, em exames realizados na noite de ontem (17), o diretor de futebol Alexandre Mattos, o supervisor da modalidade Carlos Alberto Isidoro, os analistas de desempenho Digo Alves e Gustavo Nicoline, e o seguran\u00e7a Andr\u00e9 Ricardo. O an\u00fancio dos novos casos foi feito por meio de comunicado no&nbsp;<a href=\"https:\/\/twitter.com\/Atletico\">Twitter.<\/a><\/p>\n\n\n\n<blockquote class=\"wp-block-quote is-layout-flow wp-block-quote-is-layout-flow\"><p>&#8220;Seguindo rigorosamente todos os protocolos de sa\u00fade e zelando pelo bem estar de todos, o Atl\u00e9tico informa que, ap\u00f3s a testagem da \u00faltima segunda, repetiu os testes em todos os envolvidos no departamento de futebol, mesmo n\u00e3o sendo essa uma exig\u00eancia dos protocolos da CBF.&nbsp;Na nova testagem, mais dez pessoas testaram positivo: o diretor de futebol Alexandre Mattos, o supervisor de futebol Carlos Alberto Isidoro, os analistas de desempenho Diogo Alves e Gustavo Nicoline, o seguran\u00e7a Andr\u00e9 Ricardo e os atletas Victor, Guga, R\u00e9ver, Allan e Vargas.<\/p><\/blockquote>\n\n\n\n<p>Na \u00faltima segunda (16) o zagueiro Gabriel, o treinador argentino Jorge Sampaoli e toda comiss\u00e3o t\u00e9cnica entraram em isolamento social ap\u00f3s testes positivos para o v\u00edrus.&nbsp;<\/p>\n\n\n\n<p>Em meio ao surto, segue confirmado para \u00e0s 19h (hor\u00e1rio de Bras\u00edlia) o duelo entre Galo e Athletico Paranaense, no Est\u00e1dio do Mineir\u00e3o, em Belo Horizonte, em partida adiada da sexta rodada do Brasileir\u00e3o.<\/p>\n\n\n\n<p>Edi\u00e7\u00e3o: Cl\u00e1udia Soares Rodrigues<\/p>\n","protected":false},"excerpt":{"rendered":"<p>N\u00famero de infectados chega a 19 e time joga esta noite em BH A poucas<\/p>\n","protected":false},"author":2,"featured_media":6010,"comment_status":"open","ping_status":"open","sticky":false,"template":"","format":"standard","meta":{"footnotes":""},"categories":[20],"tags":[],"class_list":["post-6009","post","type-post","status-publish","format-standard","has-post-thumbnail","hentry","category-esporte"],"_links":{"self":[{"href":"https:\/\/tvc16.com\/portal\/wp-json\/wp\/v2\/posts\/6009","targetHints":{"allow":["GET"]}}],"collection":[{"href":"https:\/\/tvc16.com\/portal\/wp-json\/wp\/v2\/posts"}],"about":[{"href":"https:\/\/tvc16.com\/portal\/wp-json\/wp\/v2\/types\/post"}],"author":[{"embeddable":true,"href":"https:\/\/tvc16.com\/portal\/wp-json\/wp\/v2\/users\/2"}],"replies":[{"embeddable":true,"href":"https:\/\/tvc16.com\/portal\/wp-json\/wp\/v2\/comments?post=6009"}],"version-history":[{"count":1,"href":"https:\/\/tvc16.com\/portal\/wp-json\/wp\/v2\/posts\/6009\/revisions"}],"predecessor-version":[{"id":6011,"href":"https:\/\/tvc16.com\/portal\/wp-json\/wp\/v2\/posts\/6009\/revisions\/6011"}],"wp:featuredmedia":[{"embeddable":true,"href":"https:\/\/tvc16.com\/portal\/wp-json\/wp\/v2\/media\/6010"}],"wp:attachment":[{"href":"https:\/\/tvc16.com\/portal\/wp-json\/wp\/v2\/media?parent=6009"}],"wp:term":[{"taxonomy":"category","embeddable":true,"href":"https:\/\/tvc16.com\/portal\/wp-json\/wp\/v2\/categories?post=6009"},{"taxonomy":"post_tag","embeddable":true,"href":"https:\/\/tvc16.com\/portal\/wp-json\/wp\/v2\/tags?post=6009"}],"curies":[{"name":"wp","href":"https:\/\/api.w.org\/{rel}","templated":true}]}}