{"id":601,"date":"2020-09-16T18:15:50","date_gmt":"2020-09-16T18:15:50","guid":{"rendered":"https:\/\/tvc16.com\/portal\/?p=601"},"modified":"2020-09-16T18:15:50","modified_gmt":"2020-09-16T18:15:50","slug":"nova-loja-do-grupo-mil-em-valenca-contara-com-200-vagas-de-emprego","status":"publish","type":"post","link":"https:\/\/tvc16.com\/portal\/2020\/09\/16\/nova-loja-do-grupo-mil-em-valenca-contara-com-200-vagas-de-emprego\/","title":{"rendered":"Nova loja do Grupo Mil em Valen\u00e7a contar\u00e1 com 200 vagas de emprego"},"content":{"rendered":"\n<p>Em 2021, mais uma filial da rede de Supermercados Bramil estar\u00e1 em funcionamento. O munic\u00edpio escolhido desta vez \u00e9 Valen\u00e7a. O espa\u00e7o de 13.500m2 ter\u00e1 estacionamento com mais de 150 vagas (muitas cobertas), farm\u00e1cia, petshop, uma filial da Casa &amp; V\u00eddeo, academia e, claro, uma Construmil Materiais de Constru\u00e7\u00e3o e tamb\u00e9m servi\u00e7os automotivos com a Pneus Mil. Vale ressaltar que outros empres\u00e1rios tamb\u00e9m poder\u00e3o se unir ao projeto. Al\u00e9m de oferecer em um \u00fanico espa\u00e7o dezenas de servi\u00e7os, cerca de 200 empregos diretos ser\u00e3o criados, gerando renda para a cidade e movimentando a economia local.<\/p>\n\n\n\n<p>A nova filial funcionar\u00e1 no pr\u00e9dio hist\u00f3rico da antiga F\u00e1brica Fia\u00e7\u00e3o e Tecidos Santa Rosa, na Rua Doutor Vito Pentagna. Fundada em 1914, a companhia foi por muitos anos uma das maiores ind\u00fastrias do setor t\u00e9xtil do Estado do Rio de Janeiro, at\u00e9 ser desativada na d\u00e9cada de 1990. Agora, o local receber\u00e1 novamente um grande empreendimento, que voltar\u00e1 a dar vida para o espa\u00e7o que um dia j\u00e1 teve muita representatividade na regi\u00e3o.<\/p>\n\n\n\n<p>\u201cAl\u00e9m da gera\u00e7\u00e3o de empregos e renda, focamos muito na preserva\u00e7\u00e3o e na valoriza\u00e7\u00e3o do patrim\u00f4nio hist\u00f3rico dentro do nosso projeto. Esse pr\u00e9dio no passado significou muito para o munic\u00edpio e para a popula\u00e7\u00e3o de Valen\u00e7a. Poder reativ\u00e1-lo gerando empregos e fazendo uma loja ainda mais moderna, com produtos diferenciados e prestando um servi\u00e7o de qualidade, sempre valorizando e retribuindo todo o carinho que a cidade nos proporcionou at\u00e9 hoje \u00e9 gratificante! Vamos surpreender a todos, aguardem!\u201d, salientou o diretor do Grupo Mil, Josemo J\u00fanior.<\/p>\n\n\n\n<p>No empreendimento, al\u00e9m de contar com a loja do Bramil, o projeto contempla in\u00fameras lojas sat\u00e9lites da regi\u00e3o funcionando no mesmo espa\u00e7o. Trazendo benef\u00edcios ao consumidor e aos empres\u00e1rios locais.<\/p>\n\n\n\n<p>Os interessados em fazer parte do projeto, com a abertura de lojas no local, devem procurar a ger\u00eancia da filial que j\u00e1 existe em Valen\u00e7a.<\/p>\n","protected":false},"excerpt":{"rendered":"<p>Em 2021, mais uma filial da rede de Supermercados Bramil estar\u00e1 em funcionamento. O munic\u00edpio<\/p>\n","protected":false},"author":2,"featured_media":602,"comment_status":"open","ping_status":"open","sticky":false,"template":"","format":"standard","meta":{"footnotes":""},"categories":[17],"tags":[],"class_list":["post-601","post","type-post","status-publish","format-standard","has-post-thumbnail","hentry","category-outras-noticias"],"_links":{"self":[{"href":"https:\/\/tvc16.com\/portal\/wp-json\/wp\/v2\/posts\/601","targetHints":{"allow":["GET"]}}],"collection":[{"href":"https:\/\/tvc16.com\/portal\/wp-json\/wp\/v2\/posts"}],"about":[{"href":"https:\/\/tvc16.com\/portal\/wp-json\/wp\/v2\/types\/post"}],"author":[{"embeddable":true,"href":"https:\/\/tvc16.com\/portal\/wp-json\/wp\/v2\/users\/2"}],"replies":[{"embeddable":true,"href":"https:\/\/tvc16.com\/portal\/wp-json\/wp\/v2\/comments?post=601"}],"version-history":[{"count":1,"href":"https:\/\/tvc16.com\/portal\/wp-json\/wp\/v2\/posts\/601\/revisions"}],"predecessor-version":[{"id":603,"href":"https:\/\/tvc16.com\/portal\/wp-json\/wp\/v2\/posts\/601\/revisions\/603"}],"wp:featuredmedia":[{"embeddable":true,"href":"https:\/\/tvc16.com\/portal\/wp-json\/wp\/v2\/media\/602"}],"wp:attachment":[{"href":"https:\/\/tvc16.com\/portal\/wp-json\/wp\/v2\/media?parent=601"}],"wp:term":[{"taxonomy":"category","embeddable":true,"href":"https:\/\/tvc16.com\/portal\/wp-json\/wp\/v2\/categories?post=601"},{"taxonomy":"post_tag","embeddable":true,"href":"https:\/\/tvc16.com\/portal\/wp-json\/wp\/v2\/tags?post=601"}],"curies":[{"name":"wp","href":"https:\/\/api.w.org\/{rel}","templated":true}]}}