{"id":6015,"date":"2020-11-18T13:27:07","date_gmt":"2020-11-18T16:27:07","guid":{"rendered":"https:\/\/tvc16.com\/portal\/?p=6015"},"modified":"2020-11-18T13:27:10","modified_gmt":"2020-11-18T16:27:10","slug":"campanha-papai-noel-dos-correios-sera-digital-por-causa-da-pandemia","status":"publish","type":"post","link":"https:\/\/tvc16.com\/portal\/2020\/11\/18\/campanha-papai-noel-dos-correios-sera-digital-por-causa-da-pandemia\/","title":{"rendered":"Campanha Papai Noel dos Correios ser\u00e1 digital por causa da pandemia"},"content":{"rendered":"\n<h3 class=\"wp-block-heading\">O recebimento das cartinhas ser\u00e1 virtual<\/h3>\n\n\n\n<p>A campanha Papai Noel dos Correios sofreu adapta\u00e7\u00f5es por causa da pandemia, para garantir seguran\u00e7a dos participantes do projeto. Neste ano, o recebimento das cartinhas ser\u00e1, prioritariamente, de forma virtual. O lan\u00e7amento do Papai Noel dos Correios 2020 Digital ser\u00e1 hoje (18), \u00e0s 15h, no canal dos Correios no YouTube e vai ter a participa\u00e7\u00e3o online do Bom Velhinho.<img decoding=\"async\" src=\"https:\/\/agenciabrasil.ebc.com.br\/ebc.png?id=1393857&amp;o=node\"><img decoding=\"async\" src=\"https:\/\/agenciabrasil.ebc.com.br\/ebc.gif?id=1393857&amp;o=node\"><\/p>\n\n\n\n<p>Agora, a ado\u00e7\u00e3o dos pedidos das crian\u00e7as de at\u00e9 10 anos de idade, em situa\u00e7\u00e3o de vulnerabilidade social, ocorrer\u00e1 100%&nbsp;<em>online<\/em>&nbsp;e digital.<\/p>\n\n\n\n<p>De acordo com os Correios, as cartinhas ao Papai Noel devem ser manuscritas e, depois, fotografadas ou digitalizadas para envio ao&nbsp;<em>Blog&nbsp;<\/em>da campanha. \u201c\u00c9 importante enviar uma imagem n\u00edtida para que a mensagem possa ser lida e compreendida pelo Papai Noel\u201d, orientou a empresa. As correspond\u00eancias, que atenderem aos crit\u00e9rios estabelecidos pelo projeto para ado\u00e7\u00e3o, estar\u00e3o publicadas no&nbsp;<em>Blog&nbsp;<\/em>da campanha. Os alunos da rede p\u00fablica at\u00e9 o 5\u00ba ano do ensino fundamental e por crian\u00e7as acolhidas em creches, abrigos e n\u00facleos socioeducativos tamb\u00e9m podem encaminhar as suas cartinhas.<\/p>\n\n\n\n<h2 class=\"wp-block-heading\">Ado\u00e7\u00e3o<\/h2>\n\n\n\n<p>Para atender aos protocolos sanit\u00e1rios de preven\u00e7\u00e3o \u00e0 covid-19 e evitar aglomera\u00e7\u00f5es, os padrinhos e madrinhas precisam acessar o Blog do Papai Noel dos Correios e clicar em \u201cAdotar Agora\u201d. As cartinhas dispon\u00edveis e as sugest\u00f5es de locais para entrega dos presentes, v\u00e3o aparecer conforme a base da localidade informada pelos interessados na ado\u00e7\u00e3o do pedido, que ser\u00e1 confirmada pelo&nbsp;<em>e-mail<\/em>&nbsp;cadastrados pelos padrinhos. A visualiza\u00e7\u00e3o das cartinhas adotadas estar\u00e1 dispon\u00edvel na se\u00e7\u00e3o Minhas Cartas da p\u00e1gina de ado\u00e7\u00e3o&nbsp;<em>online<\/em>&nbsp;pelo Blog.<\/p>\n\n\n\n<h2 class=\"wp-block-heading\">Entrega<\/h2>\n\n\n\n<p>Ainda observando os protocolos sanit\u00e1rios, a entrega dos presentes, ser\u00e1 feita presencialmente, mas este ano com o uso de m\u00e1scaras e evitando aglomera\u00e7\u00f5es. Os pontos de entrega nas unidades dos Correios podem ser consultados tamb\u00e9m no Blog da campanha. Conforme a empresa, as datas, locais e hor\u00e1rios de funcionamento dos pontos de entrega podem variar em cada Estado. Todas as informa\u00e7\u00f5es est\u00e3o dispon\u00edveis no endere\u00e7o&nbsp;<a href=\"http:\/\/blog.correios.com.br\/papainoeldoscorreios\" target=\"_blank\" rel=\"noreferrer noopener\">http:\/\/blog.correios.com.br\/papainoeldoscorreios<\/a>.<\/p>\n\n\n\n<p>\u201cToda a sociedade pode participar dessa imensa corrente do bem que une esfor\u00e7os da empresa, empregados e volunt\u00e1rios para atender, dentro do poss\u00edvel, aos pedidos de presentes daqueles que se encontram em situa\u00e7\u00e3o de vulnerabilidade social\u201d, observou a empresa.<\/p>\n\n\n\n<p>A campanha Papai Noel dos Correios Digital tamb\u00e9m pode ser acompanhada nas redes sociais da empresa: YouTube, Twitter, Instagram, Facebook, Linkedin, Pinterest.<\/p>\n\n\n\n<p>Por Cristina Indio do Brasil &#8211; Rep\u00f3rter da Ag\u00eancia Brasil &#8211; Rio de Janeiro<\/p>\n\n\n\n<p>Edi\u00e7\u00e3o: Val\u00e9ria Aguiar<\/p>\n","protected":false},"excerpt":{"rendered":"<p>O recebimento das cartinhas ser\u00e1 virtual A campanha Papai Noel dos Correios sofreu adapta\u00e7\u00f5es por<\/p>\n","protected":false},"author":2,"featured_media":6016,"comment_status":"open","ping_status":"open","sticky":false,"template":"","format":"standard","meta":{"footnotes":""},"categories":[21],"tags":[],"class_list":["post-6015","post","type-post","status-publish","format-standard","has-post-thumbnail","hentry","category-cultura"],"_links":{"self":[{"href":"https:\/\/tvc16.com\/portal\/wp-json\/wp\/v2\/posts\/6015","targetHints":{"allow":["GET"]}}],"collection":[{"href":"https:\/\/tvc16.com\/portal\/wp-json\/wp\/v2\/posts"}],"about":[{"href":"https:\/\/tvc16.com\/portal\/wp-json\/wp\/v2\/types\/post"}],"author":[{"embeddable":true,"href":"https:\/\/tvc16.com\/portal\/wp-json\/wp\/v2\/users\/2"}],"replies":[{"embeddable":true,"href":"https:\/\/tvc16.com\/portal\/wp-json\/wp\/v2\/comments?post=6015"}],"version-history":[{"count":1,"href":"https:\/\/tvc16.com\/portal\/wp-json\/wp\/v2\/posts\/6015\/revisions"}],"predecessor-version":[{"id":6017,"href":"https:\/\/tvc16.com\/portal\/wp-json\/wp\/v2\/posts\/6015\/revisions\/6017"}],"wp:featuredmedia":[{"embeddable":true,"href":"https:\/\/tvc16.com\/portal\/wp-json\/wp\/v2\/media\/6016"}],"wp:attachment":[{"href":"https:\/\/tvc16.com\/portal\/wp-json\/wp\/v2\/media?parent=6015"}],"wp:term":[{"taxonomy":"category","embeddable":true,"href":"https:\/\/tvc16.com\/portal\/wp-json\/wp\/v2\/categories?post=6015"},{"taxonomy":"post_tag","embeddable":true,"href":"https:\/\/tvc16.com\/portal\/wp-json\/wp\/v2\/tags?post=6015"}],"curies":[{"name":"wp","href":"https:\/\/api.w.org\/{rel}","templated":true}]}}