{"id":6019,"date":"2020-11-18T13:52:10","date_gmt":"2020-11-18T16:52:10","guid":{"rendered":"https:\/\/tvc16.com\/portal\/?p=6019"},"modified":"2020-11-18T13:52:13","modified_gmt":"2020-11-18T16:52:13","slug":"comercio-podera-funcionar-no-feriado-da-consciencia-negra","status":"publish","type":"post","link":"https:\/\/tvc16.com\/portal\/2020\/11\/18\/comercio-podera-funcionar-no-feriado-da-consciencia-negra\/","title":{"rendered":"Com\u00e9rcio poder\u00e1 funcionar no Feriado da Consci\u00eancia Negra"},"content":{"rendered":"\n<p>O feriado estadual pelo Dia da Consci\u00eancia Negra lembrado nesta sexta-feira (20) poder\u00e1 contar com o com\u00e9rcio de Petr\u00f3polis em funcionamento, j\u00e1 que as lojas est\u00e3o autorizadas a funcionar. A expectativa \u00e9 que elas abram normalmente, mas \u00e9 necess\u00e1rio que o lojista protocole o pedido junto aos sindicatos patronal e dos empregados no com\u00e9rcio. O documento pode ser enviado aos sindicatos at\u00e9 a v\u00e9spera do feriado, ent\u00e3o ainda n\u00e3o h\u00e1 o levantamento oficial do n\u00famero de lojas que pretendem abrir. Vale ressaltar, que os acordos coletivos que permitem o funcionamento dos estabelecimentos nos feriados.<\/p>\n","protected":false},"excerpt":{"rendered":"<p>O feriado estadual pelo Dia da Consci\u00eancia Negra lembrado nesta sexta-feira (20) poder\u00e1 contar com<\/p>\n","protected":false},"author":2,"featured_media":6020,"comment_status":"open","ping_status":"open","sticky":false,"template":"","format":"standard","meta":{"footnotes":""},"categories":[12],"tags":[],"class_list":["post-6019","post","type-post","status-publish","format-standard","has-post-thumbnail","hentry","category-cidade"],"_links":{"self":[{"href":"https:\/\/tvc16.com\/portal\/wp-json\/wp\/v2\/posts\/6019","targetHints":{"allow":["GET"]}}],"collection":[{"href":"https:\/\/tvc16.com\/portal\/wp-json\/wp\/v2\/posts"}],"about":[{"href":"https:\/\/tvc16.com\/portal\/wp-json\/wp\/v2\/types\/post"}],"author":[{"embeddable":true,"href":"https:\/\/tvc16.com\/portal\/wp-json\/wp\/v2\/users\/2"}],"replies":[{"embeddable":true,"href":"https:\/\/tvc16.com\/portal\/wp-json\/wp\/v2\/comments?post=6019"}],"version-history":[{"count":1,"href":"https:\/\/tvc16.com\/portal\/wp-json\/wp\/v2\/posts\/6019\/revisions"}],"predecessor-version":[{"id":6021,"href":"https:\/\/tvc16.com\/portal\/wp-json\/wp\/v2\/posts\/6019\/revisions\/6021"}],"wp:featuredmedia":[{"embeddable":true,"href":"https:\/\/tvc16.com\/portal\/wp-json\/wp\/v2\/media\/6020"}],"wp:attachment":[{"href":"https:\/\/tvc16.com\/portal\/wp-json\/wp\/v2\/media?parent=6019"}],"wp:term":[{"taxonomy":"category","embeddable":true,"href":"https:\/\/tvc16.com\/portal\/wp-json\/wp\/v2\/categories?post=6019"},{"taxonomy":"post_tag","embeddable":true,"href":"https:\/\/tvc16.com\/portal\/wp-json\/wp\/v2\/tags?post=6019"}],"curies":[{"name":"wp","href":"https:\/\/api.w.org\/{rel}","templated":true}]}}