{"id":60194,"date":"2023-05-26T14:42:02","date_gmt":"2023-05-26T17:42:02","guid":{"rendered":"https:\/\/tvc16.com\/portal\/?p=60194"},"modified":"2023-05-26T14:42:03","modified_gmt":"2023-05-26T17:42:03","slug":"140-anos-do-progresso-sobre-trilhos-petropolis-comemora-na-proxima-segunda-feira-29-a-chegada-do-trem-a-cidade","status":"publish","type":"post","link":"https:\/\/tvc16.com\/portal\/2023\/05\/26\/140-anos-do-progresso-sobre-trilhos-petropolis-comemora-na-proxima-segunda-feira-29-a-chegada-do-trem-a-cidade\/","title":{"rendered":"140 anos do progresso sobre trilhos: Petr\u00f3polis comemora, na pr\u00f3xima segunda, feira, 29, a chegada do trem \u00e0 cidade"},"content":{"rendered":"\n<p>Na pr\u00f3xima segunda-feira, 29, a Casa de Educa\u00e7\u00e3o Visconde de Mau\u00e1 vai receber o evento 140 anos do Progresso Sobre Trilhos: Visconde de Mau\u00e1, o Vision\u00e1rio que Conectou Petr\u00f3polis, a partir das 17h. O evento celebra dois marcos na hist\u00f3ria da ferrovia em Petr\u00f3polis: A chegada do trem, em 1883, pela Estrada de Ferro de Petr\u00f3polis, e a funda\u00e7\u00e3o da Imperial Companhia de Navega\u00e7\u00e3o a Vapor, pelo ent\u00e3o Bar\u00e3o de Mau\u00e1, em 29 de maio de 1852. O in\u00edcio do sonho que resultou no desenvolvimento econ\u00f4mico de Petr\u00f3polis. O evento \u00e9 uma iniciativa da Prefeitura de Petr\u00f3polis em parceria com a AFPF, a Associa\u00e7\u00e3o Fluminense de Preserva\u00e7\u00e3o Ferrovi\u00e1ria.<\/p>\n\n\n\n<p>Durante o evento, personalidades que desempenham um papel importante na mem\u00f3ria e preserva\u00e7\u00e3o da ferrovia e do desenvolvimento industrial da cidade, ser\u00e3o homenageados com a medalha Visconde de Mau\u00e1.<\/p>\n\n\n\n<p>Na sequ\u00eancia, o empres\u00e1rio carioca S\u00e1vio Neves vai ministrar uma palestra com o tema: Estrada de Ferro Corcovado \u2013 Cremalheira Igual a da Estrada de Ferro Rio &#8211; Petr\u00f3polis. S\u00e1vio \u00e9 presidente do Trem do Corcovado, o primeiro trem tur\u00edstico do Brasil e foi secret\u00e1rio de Turismo do Estado do Rio de Janeiro, entre abril e dezembro de 2022.<\/p>\n\n\n\n<p>Para participar do evento, basta se inscrever por meio do link: https:\/\/docs.google.com\/forms\/d\/e\/1FAIpQLSfG5Zk0f_gSENAnFQbbLuLdg1sZUuk43z49ceSD5kT64YDsYQ\/viewform.<\/p>\n\n\n\n<p>SERVI\u00c7O<br>140 anos do Progresso Sobre Trilhos: Visconde de Mau\u00e1, o Vision\u00e1rio que Conectou Petr\u00f3polis<br>Data: 29\/05\/2023<br>Local: Casa da Educa\u00e7\u00e3o Visconde de Mau\u00e1 \u2013 Avenida Bar\u00e3o do Rio Branco, 03<br>Hor\u00e1rio: 17h<br>Entrada gratuita com inscri\u00e7\u00f5es via formul\u00e1rio<\/p>\n","protected":false},"excerpt":{"rendered":"<p>Na pr\u00f3xima segunda-feira, 29, a Casa de Educa\u00e7\u00e3o Visconde de Mau\u00e1 vai receber o evento<\/p>\n","protected":false},"author":2,"featured_media":60195,"comment_status":"open","ping_status":"open","sticky":false,"template":"","format":"standard","meta":{"footnotes":""},"categories":[12],"tags":[],"class_list":["post-60194","post","type-post","status-publish","format-standard","has-post-thumbnail","hentry","category-cidade"],"_links":{"self":[{"href":"https:\/\/tvc16.com\/portal\/wp-json\/wp\/v2\/posts\/60194","targetHints":{"allow":["GET"]}}],"collection":[{"href":"https:\/\/tvc16.com\/portal\/wp-json\/wp\/v2\/posts"}],"about":[{"href":"https:\/\/tvc16.com\/portal\/wp-json\/wp\/v2\/types\/post"}],"author":[{"embeddable":true,"href":"https:\/\/tvc16.com\/portal\/wp-json\/wp\/v2\/users\/2"}],"replies":[{"embeddable":true,"href":"https:\/\/tvc16.com\/portal\/wp-json\/wp\/v2\/comments?post=60194"}],"version-history":[{"count":1,"href":"https:\/\/tvc16.com\/portal\/wp-json\/wp\/v2\/posts\/60194\/revisions"}],"predecessor-version":[{"id":60196,"href":"https:\/\/tvc16.com\/portal\/wp-json\/wp\/v2\/posts\/60194\/revisions\/60196"}],"wp:featuredmedia":[{"embeddable":true,"href":"https:\/\/tvc16.com\/portal\/wp-json\/wp\/v2\/media\/60195"}],"wp:attachment":[{"href":"https:\/\/tvc16.com\/portal\/wp-json\/wp\/v2\/media?parent=60194"}],"wp:term":[{"taxonomy":"category","embeddable":true,"href":"https:\/\/tvc16.com\/portal\/wp-json\/wp\/v2\/categories?post=60194"},{"taxonomy":"post_tag","embeddable":true,"href":"https:\/\/tvc16.com\/portal\/wp-json\/wp\/v2\/tags?post=60194"}],"curies":[{"name":"wp","href":"https:\/\/api.w.org\/{rel}","templated":true}]}}