{"id":60197,"date":"2023-05-26T15:31:04","date_gmt":"2023-05-26T18:31:04","guid":{"rendered":"https:\/\/tvc16.com\/portal\/?p=60197"},"modified":"2023-05-26T15:31:05","modified_gmt":"2023-05-26T18:31:05","slug":"1a-feira-de-estagio-emprego-e-oportunidades-neste-sabado-27-na-praca-dom-pedro-em-petropolis","status":"publish","type":"post","link":"https:\/\/tvc16.com\/portal\/2023\/05\/26\/1a-feira-de-estagio-emprego-e-oportunidades-neste-sabado-27-na-praca-dom-pedro-em-petropolis\/","title":{"rendered":"1\u00aa Feira de Est\u00e1gio, Emprego e Oportunidades neste s\u00e1bado (27) na Pra\u00e7a Dom Pedro, em Petr\u00f3polis"},"content":{"rendered":"\n<p>Est\u00e1 marcada para este s\u00e1bado, dia 27, a partir das 9h, a 1\u00aa Feira de Est\u00e1gio, Emprego e Oportunidades na Pra\u00e7a Dom Pedro. O evento aberto e gratuito \u00e9 uma grande oportunidade para estudantes que buscam ingressar no mercado de trabalho atrav\u00e9s de um est\u00e1gio ou como jovem aprendiz.<\/p>\n\n\n\n<p>Realizado pelo Balc\u00e3o de Empregos, em parceria com o curso de Administra\u00e7\u00e3o da Est\u00e1cio, o Conselho Estadual do Trabalho, Emprego e Renda (CETER) e o Centro de Integra\u00e7\u00e3o Empresa-Escola (CIEE), a Feira de Est\u00e1gio, Empregos e Oportunidades contar\u00e1 com especialistas para a orienta\u00e7\u00e3o de curr\u00edculo e cadastro nas vagas abertas para est\u00e1gio, jovem aprendiz e emprego.<\/p>\n\n\n\n<p>Em uma parceria com a Prefeitura, a Est\u00e1cio Petr\u00f3polis realiza todos os meses um evento para prestar atendimento \u00e0 comunidade. No m\u00eas de maio, o curso de Administra\u00e7\u00e3o vai utilizar esse espa\u00e7o para realizar a Feira de Est\u00e1gio, Emprego e Oportunidades.<\/p>\n\n\n\n<p>\u201c\u00c9 importante para o nosso curso estar participando desse evento que visa a viv\u00eancia profissional dos jovens, a empregabilidade, al\u00e9m de estimular o jovem a conseguir uma oportunidade. Queremos ajudar a popula\u00e7\u00e3o a ingressar no mercado\u201d, pontuou Jorge Maroun, coordenador do curso de Administra\u00e7\u00e3o da Est\u00e1cio Petr\u00f3polis.<\/p>\n\n\n\n<p>Foto: Wikimapia<\/p>\n","protected":false},"excerpt":{"rendered":"<p>Est\u00e1 marcada para este s\u00e1bado, dia 27, a partir das 9h, a 1\u00aa Feira de<\/p>\n","protected":false},"author":2,"featured_media":60198,"comment_status":"open","ping_status":"open","sticky":false,"template":"","format":"standard","meta":{"footnotes":""},"categories":[12],"tags":[],"class_list":["post-60197","post","type-post","status-publish","format-standard","has-post-thumbnail","hentry","category-cidade"],"_links":{"self":[{"href":"https:\/\/tvc16.com\/portal\/wp-json\/wp\/v2\/posts\/60197","targetHints":{"allow":["GET"]}}],"collection":[{"href":"https:\/\/tvc16.com\/portal\/wp-json\/wp\/v2\/posts"}],"about":[{"href":"https:\/\/tvc16.com\/portal\/wp-json\/wp\/v2\/types\/post"}],"author":[{"embeddable":true,"href":"https:\/\/tvc16.com\/portal\/wp-json\/wp\/v2\/users\/2"}],"replies":[{"embeddable":true,"href":"https:\/\/tvc16.com\/portal\/wp-json\/wp\/v2\/comments?post=60197"}],"version-history":[{"count":1,"href":"https:\/\/tvc16.com\/portal\/wp-json\/wp\/v2\/posts\/60197\/revisions"}],"predecessor-version":[{"id":60199,"href":"https:\/\/tvc16.com\/portal\/wp-json\/wp\/v2\/posts\/60197\/revisions\/60199"}],"wp:featuredmedia":[{"embeddable":true,"href":"https:\/\/tvc16.com\/portal\/wp-json\/wp\/v2\/media\/60198"}],"wp:attachment":[{"href":"https:\/\/tvc16.com\/portal\/wp-json\/wp\/v2\/media?parent=60197"}],"wp:term":[{"taxonomy":"category","embeddable":true,"href":"https:\/\/tvc16.com\/portal\/wp-json\/wp\/v2\/categories?post=60197"},{"taxonomy":"post_tag","embeddable":true,"href":"https:\/\/tvc16.com\/portal\/wp-json\/wp\/v2\/tags?post=60197"}],"curies":[{"name":"wp","href":"https:\/\/api.w.org\/{rel}","templated":true}]}}