{"id":60201,"date":"2023-05-27T08:00:00","date_gmt":"2023-05-27T11:00:00","guid":{"rendered":"https:\/\/tvc16.com\/portal\/?p=60201"},"modified":"2023-05-26T23:42:51","modified_gmt":"2023-05-27T02:42:51","slug":"ainda-ser-perder-no-carioca-a2-petropolis-enfrenta-o-americano-neste-sabado","status":"publish","type":"post","link":"https:\/\/tvc16.com\/portal\/2023\/05\/27\/ainda-ser-perder-no-carioca-a2-petropolis-enfrenta-o-americano-neste-sabado\/","title":{"rendered":"Ainda ser perder no Carioca A2, Petr\u00f3polis enfrenta o Americano neste s\u00e1bado"},"content":{"rendered":"\n<p>Na tarde deste s\u00e1bado (27), o Petr\u00f3polis FC enfrenta o Americano, \u00e0s 15h, no est\u00e1dio Ary de Oliveira, em Campos. Partida v\u00e1lida pela terceira rodada do Campeonato Carioca S\u00e9rie A2. Os times j\u00e1 se enfrentaram no Carioca A2 no ano passado e a partida n\u00e3o saiu do 0 a 0.<\/p>\n\n\n\n<p>O elenco petropolitano que ainda n\u00e3o perdeu na competi\u00e7\u00e3o, estreou na A2 com vit\u00f3ria, jogando em casa, contra o Maca\u00e9, e empatou na segunda rodada com o Artsul, no Riach\u00e3o. Comandado pelo Rog\u00e9rio Pina, a equipe finalizou a prepara\u00e7\u00e3o na manh\u00e3 desta sexta-feira (26) e seguiu viagem para Campos no mesmo dia, para se concentrar.<\/p>\n\n\n\n<p>Os relacionados para a partida s\u00e3o: Luciano, Luiz Felipe, Guilherme, Rafinha, Rossales, Pit, Andrez\u00e3o, Espinho, Marreta, Gilberto, Josiel, Mag\u00e9, Anderson Domingues, Renatinho, China, J\u00fanior Ara\u00fajo, Keven, RD, Rodriguinho, Ronaldy, Lucas e Wallace. Petr\u00f3polis est\u00e1 entre os seis primeiros na tabela, ambos com quatro pontos, mas a \u00e1guia da serra ocupa o quarto lugar.<\/p>\n","protected":false},"excerpt":{"rendered":"<p>Na tarde deste s\u00e1bado (27), o Petr\u00f3polis FC enfrenta o Americano, \u00e0s 15h, no est\u00e1dio<\/p>\n","protected":false},"author":2,"featured_media":60202,"comment_status":"open","ping_status":"open","sticky":false,"template":"","format":"standard","meta":{"footnotes":""},"categories":[12],"tags":[],"class_list":["post-60201","post","type-post","status-publish","format-standard","has-post-thumbnail","hentry","category-cidade"],"_links":{"self":[{"href":"https:\/\/tvc16.com\/portal\/wp-json\/wp\/v2\/posts\/60201","targetHints":{"allow":["GET"]}}],"collection":[{"href":"https:\/\/tvc16.com\/portal\/wp-json\/wp\/v2\/posts"}],"about":[{"href":"https:\/\/tvc16.com\/portal\/wp-json\/wp\/v2\/types\/post"}],"author":[{"embeddable":true,"href":"https:\/\/tvc16.com\/portal\/wp-json\/wp\/v2\/users\/2"}],"replies":[{"embeddable":true,"href":"https:\/\/tvc16.com\/portal\/wp-json\/wp\/v2\/comments?post=60201"}],"version-history":[{"count":1,"href":"https:\/\/tvc16.com\/portal\/wp-json\/wp\/v2\/posts\/60201\/revisions"}],"predecessor-version":[{"id":60203,"href":"https:\/\/tvc16.com\/portal\/wp-json\/wp\/v2\/posts\/60201\/revisions\/60203"}],"wp:featuredmedia":[{"embeddable":true,"href":"https:\/\/tvc16.com\/portal\/wp-json\/wp\/v2\/media\/60202"}],"wp:attachment":[{"href":"https:\/\/tvc16.com\/portal\/wp-json\/wp\/v2\/media?parent=60201"}],"wp:term":[{"taxonomy":"category","embeddable":true,"href":"https:\/\/tvc16.com\/portal\/wp-json\/wp\/v2\/categories?post=60201"},{"taxonomy":"post_tag","embeddable":true,"href":"https:\/\/tvc16.com\/portal\/wp-json\/wp\/v2\/tags?post=60201"}],"curies":[{"name":"wp","href":"https:\/\/api.w.org\/{rel}","templated":true}]}}