{"id":60205,"date":"2023-05-27T09:00:00","date_gmt":"2023-05-27T12:00:00","guid":{"rendered":"https:\/\/tvc16.com\/portal\/?p=60205"},"modified":"2023-05-27T12:13:36","modified_gmt":"2023-05-27T15:13:36","slug":"escola-da-cultura-completa-dois-anos-com-mais-de-130-mil-atendimentos-em-territorio-fluminense","status":"publish","type":"post","link":"https:\/\/tvc16.com\/portal\/2023\/05\/27\/escola-da-cultura-completa-dois-anos-com-mais-de-130-mil-atendimentos-em-territorio-fluminense\/","title":{"rendered":"Escola da Cultura completa dois anos com mais de 130 mil atendimentos\u00a0em territ\u00f3rio fluminense"},"content":{"rendered":"\n<p>Impacto na economia local e na gera\u00e7\u00e3o de renda tem sido de grande import\u00e2ncia desde o in\u00edcio do programa<\/p>\n\n\n\n<p>Criada para promover inclus\u00e3o social e qualifica\u00e7\u00e3o dos agentes p\u00fablicos e privados, a Escola da Cultura, vinculada \u00e0 Secretaria de Estado de Cultura e Economia Criativa do Rio de Janeiro, completa dois anos nesta sexta-feira, 26. E, durante este per\u00edodo, o programa atendeu mais de 130 mil pessoas e ajudou a capacitar milhares de fazedores de cultura em todo o estado.<\/p>\n\n\n\n<p>&#8220;Completamos dois anos com essa pol\u00edtica p\u00fablica existindo e mudando a vida dos fazedores de cultura fluminenses. Com o aux\u00edlio de grandes parceiros, conseguimos executar diversas a\u00e7\u00f5es e atender empresas, equipamentos p\u00fablicos e institui\u00e7\u00f5es, chegando a todas as regi\u00f5es do estado. \u00c9 a cultura gerando emprego, renda e oportunidade para as pessoas&#8221;\u00a0ressaltou a secret\u00e1ria de Estado de Cultura e Economia Criativa, Danielle Barros.<br><br>Desde a sua cria\u00e7\u00e3o, a Escola da Cultura contou com o apoio de projetos incentivados, como o Energia para Ler, Casa Escola de Arte e Tecnologia (Ceat) e a Escola de Patrim\u00f4nio, e de parceiros institucionais importantes, como o Sebrae e a empresa Ca\u00e7ula, para promover forma\u00e7\u00e3o cultural e auxiliar a produ\u00e7\u00e3o criativa.\u00a0<br><br>&#8220;Nossa inten\u00e7\u00e3o ao criar a Escola da Cultura foi de garantir apoio aos munic\u00edpios, incentivando atividades em todo o estado. O impacto na economia local e na gera\u00e7\u00e3o de renda tem sido de grande import\u00e2ncia desde o in\u00edcio do programa&#8221;\u00a0destaca a subsecret\u00e1ria adjunta e diretora da Escola da Cultura, Claudia Viana.<br><br><strong>Mais sobre a Escola<\/strong><br>Criada a partir do Decreto n\u00ba 47.620, de 26 de maio de 2021, a Escola da Cultura, programa de forma\u00e7\u00e3o e qualifica\u00e7\u00e3o cultural, j\u00e1 estava prevista no artigo 11 da Lei Estadual n\u00ba 7035\/2015, mas foi implementada apenas cerca de seis anos depois, durante a gest\u00e3o do governador Cl\u00e1udio Castro e da secret\u00e1ria Danielle Barros.<br><br>Com foco no aperfei\u00e7oamento dos fazedores de cultura para que eles possam estar preparados quando participarem de um edital p\u00fablico ou privado, as forma\u00e7\u00f5es englobam temas como elabora\u00e7\u00e3o de projetos, execu\u00e7\u00e3o de projeto, presta\u00e7\u00e3o de contas e capta\u00e7\u00e3o de recursos.<br><br>Neste ano, a Escola da Cultura ampliar\u00e1 os m\u00f3dulos de forma\u00e7\u00e3o j\u00e1 existentes para um maior aprofundamento dos conceitos. Ser\u00e1 inserido tamb\u00e9m um m\u00f3dulo voltado para portf\u00f3lio, muito requisitado pelos fazedores de cultura. Outra \u00e1rea atendida ser\u00e1 a economia criativa, onde a promo\u00e7\u00e3o do conhecimento para o empreendedorismo e sua organiza\u00e7\u00e3o auxiliam a conquistar um espa\u00e7o no meio cultural.<\/p>\n\n\n\n<p>Os interessados no assunto podem entrar em contato pelo e-mail&nbsp;escoladaculturarj@cultura.rj.gov.br&nbsp;ou acompanhar as informa\u00e7\u00f5es pelas redes por meio do&nbsp;@sececrj.&nbsp;<\/p>\n","protected":false},"excerpt":{"rendered":"<p>Impacto na economia local e na gera\u00e7\u00e3o de renda tem sido de grande import\u00e2ncia desde<\/p>\n","protected":false},"author":2,"featured_media":60206,"comment_status":"open","ping_status":"open","sticky":false,"template":"","format":"standard","meta":{"footnotes":""},"categories":[17],"tags":[],"class_list":["post-60205","post","type-post","status-publish","format-standard","has-post-thumbnail","hentry","category-outras-noticias"],"_links":{"self":[{"href":"https:\/\/tvc16.com\/portal\/wp-json\/wp\/v2\/posts\/60205","targetHints":{"allow":["GET"]}}],"collection":[{"href":"https:\/\/tvc16.com\/portal\/wp-json\/wp\/v2\/posts"}],"about":[{"href":"https:\/\/tvc16.com\/portal\/wp-json\/wp\/v2\/types\/post"}],"author":[{"embeddable":true,"href":"https:\/\/tvc16.com\/portal\/wp-json\/wp\/v2\/users\/2"}],"replies":[{"embeddable":true,"href":"https:\/\/tvc16.com\/portal\/wp-json\/wp\/v2\/comments?post=60205"}],"version-history":[{"count":1,"href":"https:\/\/tvc16.com\/portal\/wp-json\/wp\/v2\/posts\/60205\/revisions"}],"predecessor-version":[{"id":60207,"href":"https:\/\/tvc16.com\/portal\/wp-json\/wp\/v2\/posts\/60205\/revisions\/60207"}],"wp:featuredmedia":[{"embeddable":true,"href":"https:\/\/tvc16.com\/portal\/wp-json\/wp\/v2\/media\/60206"}],"wp:attachment":[{"href":"https:\/\/tvc16.com\/portal\/wp-json\/wp\/v2\/media?parent=60205"}],"wp:term":[{"taxonomy":"category","embeddable":true,"href":"https:\/\/tvc16.com\/portal\/wp-json\/wp\/v2\/categories?post=60205"},{"taxonomy":"post_tag","embeddable":true,"href":"https:\/\/tvc16.com\/portal\/wp-json\/wp\/v2\/tags?post=60205"}],"curies":[{"name":"wp","href":"https:\/\/api.w.org\/{rel}","templated":true}]}}