{"id":60230,"date":"2023-05-27T09:30:00","date_gmt":"2023-05-27T12:30:00","guid":{"rendered":"https:\/\/tvc16.com\/portal\/?p=60230"},"modified":"2023-05-27T00:38:43","modified_gmt":"2023-05-27T03:38:43","slug":"vila-rica-tem-programacao-cultural-neste-sabado","status":"publish","type":"post","link":"https:\/\/tvc16.com\/portal\/2023\/05\/27\/vila-rica-tem-programacao-cultural-neste-sabado\/","title":{"rendered":"Vila Rica tem programa\u00e7\u00e3o cultural neste s\u00e1bado"},"content":{"rendered":"\n<p>Arte e cultura fazem parte da programa\u00e7\u00e3o do evento cultural que acontece neste s\u00e1bado (27), na localidade de Vila Rica, no distrito de Pedro do Rio. O evento \u00e9 promovido pela Prefeitura, por meio da Secretaria de Cultura e inclui um Roda Viva e atra\u00e7\u00f5es culturais do bairro.<\/p>\n\n\n\n<p>&#8220;Vai ter m\u00fasica, roda de conversa, desfile e exposi\u00e7\u00e3o. Queremos garantir o direito a arte e cultura dos moradores desta regi\u00e3o prestigiando, principalmente, os artistas locais&#8221;, disse a secret\u00e1ria de Cultura, Diana Iliescu.<\/p>\n\n\n\n<p>A programa\u00e7\u00e3o tem in\u00edcio \u00e0s 11h e segue at\u00e9 22h. Todas as atividades e atra\u00e7\u00f5es s\u00e3o gratuitas e acontecem na quadra. O distrito de Pedro do Rio est\u00e1 recebendo as a\u00e7\u00f5es integradas da Prefeitura dentro do programa Nosso Bairro.<\/p>\n\n\n\n<p>Confira a programa\u00e7\u00e3o da Roda Viva:<\/p>\n\n\n\n<p>11h &#8211; Apresenta\u00e7\u00e3o de Dan\u00e7a &#8211; Passinho Vila Rica<br>12h &#8211; Show Gospel &#8211; Igreja Batista Independente Antioquia<br>13h &#8211; Roda de Conversa sobre Comunidade e Sustentabilidade<br>14h &#8211; Exposi\u00e7\u00e3o, expositores e desfile<br>15h &#8211; M\u00fasica secular<br>16h &#8211; Desfile de moda<br>17h &#8211; Roda viva Hip Hop \/DJ<br>17h30 &#8211; Mic aberto<br>18h &#8211; Slam<br>18h30 &#8211; DJ<br>19h &#8211; 1\u00b0 Fase Batalha<br>19h30 &#8211; Interven\u00e7\u00f5es art\u00edsticas locais<br>20h &#8211; 2\u00b0 Fase da Batalha<br>20h20 &#8211; Show Topre<br>21h &#8211; Final Batalha<br>21h30 &#8211; Freestyle do campe\u00e3o da batalha e Mic aberto<br>22h &#8211; Encerramento<\/p>\n","protected":false},"excerpt":{"rendered":"<p>Arte e cultura fazem parte da programa\u00e7\u00e3o do evento cultural que acontece neste s\u00e1bado (27),<\/p>\n","protected":false},"author":2,"featured_media":50417,"comment_status":"open","ping_status":"open","sticky":false,"template":"","format":"standard","meta":{"footnotes":""},"categories":[12],"tags":[],"class_list":["post-60230","post","type-post","status-publish","format-standard","has-post-thumbnail","hentry","category-cidade"],"_links":{"self":[{"href":"https:\/\/tvc16.com\/portal\/wp-json\/wp\/v2\/posts\/60230","targetHints":{"allow":["GET"]}}],"collection":[{"href":"https:\/\/tvc16.com\/portal\/wp-json\/wp\/v2\/posts"}],"about":[{"href":"https:\/\/tvc16.com\/portal\/wp-json\/wp\/v2\/types\/post"}],"author":[{"embeddable":true,"href":"https:\/\/tvc16.com\/portal\/wp-json\/wp\/v2\/users\/2"}],"replies":[{"embeddable":true,"href":"https:\/\/tvc16.com\/portal\/wp-json\/wp\/v2\/comments?post=60230"}],"version-history":[{"count":1,"href":"https:\/\/tvc16.com\/portal\/wp-json\/wp\/v2\/posts\/60230\/revisions"}],"predecessor-version":[{"id":60231,"href":"https:\/\/tvc16.com\/portal\/wp-json\/wp\/v2\/posts\/60230\/revisions\/60231"}],"wp:featuredmedia":[{"embeddable":true,"href":"https:\/\/tvc16.com\/portal\/wp-json\/wp\/v2\/media\/50417"}],"wp:attachment":[{"href":"https:\/\/tvc16.com\/portal\/wp-json\/wp\/v2\/media?parent=60230"}],"wp:term":[{"taxonomy":"category","embeddable":true,"href":"https:\/\/tvc16.com\/portal\/wp-json\/wp\/v2\/categories?post=60230"},{"taxonomy":"post_tag","embeddable":true,"href":"https:\/\/tvc16.com\/portal\/wp-json\/wp\/v2\/tags?post=60230"}],"curies":[{"name":"wp","href":"https:\/\/api.w.org\/{rel}","templated":true}]}}