{"id":6025,"date":"2020-11-18T14:04:46","date_gmt":"2020-11-18T17:04:46","guid":{"rendered":"https:\/\/tvc16.com\/portal\/?p=6025"},"modified":"2020-11-18T14:04:50","modified_gmt":"2020-11-18T17:04:50","slug":"inscricoes-da-selecao-de-projetos-culturais-terminaram-na-segunda-feira","status":"publish","type":"post","link":"https:\/\/tvc16.com\/portal\/2020\/11\/18\/inscricoes-da-selecao-de-projetos-culturais-terminaram-na-segunda-feira\/","title":{"rendered":"Inscri\u00e7\u00f5es da sele\u00e7\u00e3o de projetos culturais terminaram na segunda-feira"},"content":{"rendered":"\n<p>Terminaram na segunda-feira (16) as inscri\u00e7\u00f5es da sele\u00e7\u00e3o de projetos culturais financiados pelo Fundo Municipal de Cultura. Ao todo, 167 artistas e produtores culturais foram inscritos. Ser\u00e3o selecionados 110 projetos, que ser\u00e3o disponibilizados em um canal na internet criado pelo Conselho Municipal de Cultura.<\/p>\n\n\n\n<p><br>Inicialmente, o Conselho Municipal de Cultura aprovou a publica\u00e7\u00e3o de um edital de concurso para sele\u00e7\u00e3o de projetos culturais diversos de forma presencial, com execu\u00e7\u00e3o no per\u00edodo de agosto a novembro de 2020, mas em virtude da quarentena instalada para preven\u00e7\u00e3o da pandemia da covid-19, houve a suspens\u00e3o da realiza\u00e7\u00e3o de eventos culturais e recreativos, impossibilitando assim a realiza\u00e7\u00e3o do concurso e, consequentemente, dos projetos que seriam selecionados. Para manter as atividades culturais e dar continuidade \u00e0s pol\u00edticas inicialmente aprovadas, os projetos dever\u00e3o ser realizados atrav\u00e9s da internet. Vale lembrar que a sele\u00e7\u00e3o de projetos culturais atende \u00e0 Lei do Sistema Municipal de Cultura.<\/p>\n","protected":false},"excerpt":{"rendered":"<p>Terminaram na segunda-feira (16) as inscri\u00e7\u00f5es da sele\u00e7\u00e3o de projetos culturais financiados pelo Fundo Municipal<\/p>\n","protected":false},"author":2,"featured_media":6026,"comment_status":"open","ping_status":"open","sticky":false,"template":"","format":"standard","meta":{"footnotes":""},"categories":[12],"tags":[],"class_list":["post-6025","post","type-post","status-publish","format-standard","has-post-thumbnail","hentry","category-cidade"],"_links":{"self":[{"href":"https:\/\/tvc16.com\/portal\/wp-json\/wp\/v2\/posts\/6025","targetHints":{"allow":["GET"]}}],"collection":[{"href":"https:\/\/tvc16.com\/portal\/wp-json\/wp\/v2\/posts"}],"about":[{"href":"https:\/\/tvc16.com\/portal\/wp-json\/wp\/v2\/types\/post"}],"author":[{"embeddable":true,"href":"https:\/\/tvc16.com\/portal\/wp-json\/wp\/v2\/users\/2"}],"replies":[{"embeddable":true,"href":"https:\/\/tvc16.com\/portal\/wp-json\/wp\/v2\/comments?post=6025"}],"version-history":[{"count":1,"href":"https:\/\/tvc16.com\/portal\/wp-json\/wp\/v2\/posts\/6025\/revisions"}],"predecessor-version":[{"id":6027,"href":"https:\/\/tvc16.com\/portal\/wp-json\/wp\/v2\/posts\/6025\/revisions\/6027"}],"wp:featuredmedia":[{"embeddable":true,"href":"https:\/\/tvc16.com\/portal\/wp-json\/wp\/v2\/media\/6026"}],"wp:attachment":[{"href":"https:\/\/tvc16.com\/portal\/wp-json\/wp\/v2\/media?parent=6025"}],"wp:term":[{"taxonomy":"category","embeddable":true,"href":"https:\/\/tvc16.com\/portal\/wp-json\/wp\/v2\/categories?post=6025"},{"taxonomy":"post_tag","embeddable":true,"href":"https:\/\/tvc16.com\/portal\/wp-json\/wp\/v2\/tags?post=6025"}],"curies":[{"name":"wp","href":"https:\/\/api.w.org\/{rel}","templated":true}]}}