{"id":60257,"date":"2023-05-28T15:00:00","date_gmt":"2023-05-28T18:00:00","guid":{"rendered":"https:\/\/tvc16.com\/portal\/?p=60257"},"modified":"2023-05-27T22:19:32","modified_gmt":"2023-05-28T01:19:32","slug":"museu-da-vida-fomenta-debate-de-propostas-para-universidade-indigena","status":"publish","type":"post","link":"https:\/\/tvc16.com\/portal\/2023\/05\/28\/museu-da-vida-fomenta-debate-de-propostas-para-universidade-indigena\/","title":{"rendered":"Museu da Vida fomenta debate de propostas para universidade ind\u00edgena"},"content":{"rendered":"\n<p>Encontro com educadores comemora 123 anos da Fiocruz<\/p>\n\n\n\n<p>Uma intensa programa\u00e7\u00e3o no Museu de Vida da Funda\u00e7\u00e3o Oswaldo Cruz (Fiocruz) permite ao p\u00fablico partilhar da vis\u00e3o e do conhecimento dos ind\u00edgenas da Aldeia Maracan\u00e3, aldeia urbana que re\u00fane povos de v\u00e1rias etnias localizada no bairro do Maracan\u00e3, na zona norte do Rio de Janeiro. A lista de atividades \u00e9 extensa, com oficina de grafismo corporal, de tupi-guarani, conta\u00e7\u00e3o de hist\u00f3rias, feira de artesanato e medicina da floresta e apresenta\u00e7\u00e3o de c\u00e2nticos.<\/p>\n\n\n\n<p>As atividades integram as comemora\u00e7\u00f5es dos 123 anos da Fiocruz e dos 24 anos do Museu da Vida. Toda a programa\u00e7\u00e3o foi organizada em parceria com a Aldeia Maracan\u00e3.<\/p>\n\n\n\n<p>\u201cPensar e planejar o evento com o museu tem sido uma troca de emo\u00e7\u00f5es, mem\u00f3rias e afetos. A todo instante, sentimos muito respeito \u00e0 cultura e \u00e0 espiritualidade dos povos origin\u00e1rios\u201d, diz M\u00f4nica Lima Tripuira Kuarahy Mana\u00fa Arawak, professora da Universidade Pluri\u00e9tnica Ind\u00edgena Aldeia Maracan\u00e3, doutora em biologia e servidora da Universidade do Estado do Rio de Janeiro (Uerj) e da Secretaria de Estado de Educa\u00e7\u00e3o.<\/p>\n\n\n\n<p>Na quinta-feira (25), um encontro com professores apresentou as propostas educativas da institui\u00e7\u00e3o e compartilhou o trabalho colaborativo desenvolvido com as escolas. &nbsp;<\/p>\n\n\n\n<p>Uma das atra\u00e7\u00f5es do encontro, com o tema Universidade Pluri\u00e9tnica Ind\u00edgena Aldeia Maracan\u00e3 na Perspectiva do Bem-Viver: Medicina da Floresta, foi a participa\u00e7\u00e3o de M\u00f4nica e Amanda Goytac\u00e1, educadora popular e terapeuta natural da Aldeia Maracan\u00e3. O evento abordou quest\u00f5es ligadas \u00e0 exist\u00eancia de povos ind\u00edgenas em situa\u00e7\u00e3o urbana e \u00e0 constru\u00e7\u00e3o coletiva de uma universidade ind\u00edgena.<\/p>\n\n\n\n<p>Estruturada dentro da Aldeia Maracan\u00e3, a universidade foi pensada pelos ind\u00edgenas como um espa\u00e7o para desenvolvimento das atividades de preserva\u00e7\u00e3o, estudo, pesquisa, ensino e difus\u00e3o das culturas origin\u00e1rias do Brasil e de outras partes da Am\u00e9rica. &#8220;Existe para cultivar e promover o compartilhamento de conhecimentos tradicionais, al\u00e9m de desenvolver a consci\u00eancia sobre a nossa cultura e valoriz\u00e1-la, ajudando a criar um sentimento de pertencimento\u201d, explicou M\u00f4nica, em entrevista \u00e0<strong>&nbsp;Ag\u00eancia Brasil<\/strong>.<\/p>\n\n\n\n<p>Segundo a professora, o sucesso individual \u00e9 supervalorizado na sociedade atual, reduzindo a for\u00e7a do coletivo no dia a dia. Ela disse que, com isso, o desequil\u00edbrio entre &#8220;o eu e o n\u00f3s&#8221;, tem como sintomas as dificuldades de comunica\u00e7\u00e3o, competi\u00e7\u00e3o a todo momento, desigualdade social, depress\u00e3o, viol\u00eancia, emerg\u00eancia clim\u00e1tica, entre outros.<\/p>\n\n\n\n<p>A professora ressaltou ainda que, nas comunidades ind\u00edgenas, onde grande parte das atividades \u00e9 compartilhada, aprendem-se valores para uma melhor conviv\u00eancia comunit\u00e1ria. \u201cValorizamos a identidade cultural. Ter consci\u00eancia sobre a pr\u00f3pria cultura e valoriz\u00e1-la ajuda a criar um sentimento de pertencimento. Sabemos viver em comunidade porque sabemos que somos ind\u00edgenas\u201d. Para a educadora, os n\u00e3o ind\u00edgenas, ao negligenciar sua origem, perdem-se e trilham um caminho competitivo, no qual tentam ser melhores do que os outros.<\/p>\n\n\n\n<p>De acordo com M\u00f4nica, o evento possibilita a abordagem de aspectos da medicina da floresta e da cosmovis\u00e3o ind\u00edgena. \u201cPenso que as pessoas do museu est\u00e3o se aprofundando neste resgate ancestral a cada contato conosco\u201d, ressaltou. A professora ressaltou que os visitantes podem, inclusive, vivenciar a espiritualidade dos povos da floresta, pois \u00e9 na floresta que reside toda ci\u00eancia e vida.<\/p>\n\n\n\n<p>\u201cSa\u00fade tem a ver com o nosso bem viver,. Ent\u00e3o, combinar os dois saberes, a ci\u00eancia acad\u00eamica e a ci\u00eancia ancestral dos povos origin\u00e1rios \u00e9 uma combina\u00e7\u00e3o que vai nos levar a cura \u2013 essa conex\u00e3o nos faz retornar a uma sa\u00fade que \u00e9 a ess\u00eancia, uma sa\u00fade preventiva&#8221;, afirmou.<\/p>\n\n\n\n<p>M\u00f4nica destacou a expectativa de que o encontro traga desdobramentos futuros, divulgando aos visitantes as mais urgentes pautas ind\u00edgenas e ajudando na forma\u00e7\u00e3o de parcerias dentro e fora da Fiocruz em quest\u00f5es como o combate \u00e0s viola\u00e7\u00f5es e viol\u00eancias contra os povos origin\u00e1rios. A professora ressaltou ainda quest\u00f5es como a demarca\u00e7\u00e3o da Aldeia Maracan\u00e3 e da Universidade Pluri\u00e9tnica Ind\u00edgena e a necessidade de mais aten\u00e7\u00e3o \u00e0 Casa do \u00cdndio, localizada na Ilha do Governador, na zona norte do Rio de Janeiro.<\/p>\n\n\n\n<h2 class=\"wp-block-heading\">Museu da Vida<\/h2>\n\n\n\n<p>Criado em 1999, o Museu da Vida fica no&nbsp;<em>campus<\/em>&nbsp;da Fiocruz em Manguinhos, zona norte do Rio. Trata-se de um centro dedicado \u00e0 preserva\u00e7\u00e3o da mem\u00f3ria da Fiocruz e \u00e0s atividades de divulga\u00e7\u00e3o cient\u00edfica, pesquisa, ensino e documenta\u00e7\u00e3o da hist\u00f3ria da sa\u00fade p\u00fablica e das ci\u00eancias biom\u00e9dicas no Brasil.<\/p>\n\n\n\n<p>O evento que celebra o anivers\u00e1rio do museu termina neste s\u00e1bado (27). Toda a programa\u00e7\u00e3o, das 9h \u00e0s 16h, tem entrada gratuita, mas \u00e9 necess\u00e1ria inscri\u00e7\u00e3o pr\u00e9via para as atividades, com exce\u00e7\u00e3o de amanh\u00e3, quando o museu est\u00e1 aberto ao p\u00fablico em esquema de visita\u00e7\u00e3o livre.<\/p>\n\n\n\n<p>Por Francisco Eduardo Ferreira &#8211; Ag\u00eancia Brasil<\/p>\n\n\n\n<p>Foto Fernando Fraz\u00e3o<\/p>\n","protected":false},"excerpt":{"rendered":"<p>Encontro com educadores comemora 123 anos da Fiocruz Uma intensa programa\u00e7\u00e3o no Museu de Vida<\/p>\n","protected":false},"author":2,"featured_media":60258,"comment_status":"open","ping_status":"open","sticky":false,"template":"","format":"standard","meta":{"footnotes":""},"categories":[17],"tags":[],"class_list":["post-60257","post","type-post","status-publish","format-standard","has-post-thumbnail","hentry","category-outras-noticias"],"_links":{"self":[{"href":"https:\/\/tvc16.com\/portal\/wp-json\/wp\/v2\/posts\/60257","targetHints":{"allow":["GET"]}}],"collection":[{"href":"https:\/\/tvc16.com\/portal\/wp-json\/wp\/v2\/posts"}],"about":[{"href":"https:\/\/tvc16.com\/portal\/wp-json\/wp\/v2\/types\/post"}],"author":[{"embeddable":true,"href":"https:\/\/tvc16.com\/portal\/wp-json\/wp\/v2\/users\/2"}],"replies":[{"embeddable":true,"href":"https:\/\/tvc16.com\/portal\/wp-json\/wp\/v2\/comments?post=60257"}],"version-history":[{"count":1,"href":"https:\/\/tvc16.com\/portal\/wp-json\/wp\/v2\/posts\/60257\/revisions"}],"predecessor-version":[{"id":60259,"href":"https:\/\/tvc16.com\/portal\/wp-json\/wp\/v2\/posts\/60257\/revisions\/60259"}],"wp:featuredmedia":[{"embeddable":true,"href":"https:\/\/tvc16.com\/portal\/wp-json\/wp\/v2\/media\/60258"}],"wp:attachment":[{"href":"https:\/\/tvc16.com\/portal\/wp-json\/wp\/v2\/media?parent=60257"}],"wp:term":[{"taxonomy":"category","embeddable":true,"href":"https:\/\/tvc16.com\/portal\/wp-json\/wp\/v2\/categories?post=60257"},{"taxonomy":"post_tag","embeddable":true,"href":"https:\/\/tvc16.com\/portal\/wp-json\/wp\/v2\/tags?post=60257"}],"curies":[{"name":"wp","href":"https:\/\/api.w.org\/{rel}","templated":true}]}}