{"id":60266,"date":"2023-05-28T13:57:18","date_gmt":"2023-05-28T16:57:18","guid":{"rendered":"https:\/\/tvc16.com\/portal\/?p=60266"},"modified":"2023-05-28T13:57:19","modified_gmt":"2023-05-28T16:57:19","slug":"prefeitura-autoriza-demolicao-e-comerciante-recebe-novo-espaco-ampliado","status":"publish","type":"post","link":"https:\/\/tvc16.com\/portal\/2023\/05\/28\/prefeitura-autoriza-demolicao-e-comerciante-recebe-novo-espaco-ampliado\/","title":{"rendered":"Prefeitura autoriza demoli\u00e7\u00e3o e comerciante recebe novo espa\u00e7o ampliado"},"content":{"rendered":"\n<p>Medida visa modernizar e revitalizar a regi\u00e3o da Rua Paulo Barbosa<\/p>\n\n\n\n<p>A Prefeitura autorizou a demoli\u00e7\u00e3o de uma constru\u00e7\u00e3o, onde funcionava um bar, na cal\u00e7ada da Rua Paulo Barbosa. A medida \u00e9 parte do projeto de revitaliza\u00e7\u00e3o da \u00e1rea comercial da via e tem o objetivo de aumentar a \u00e1rea circulante para os pedestres. A autoriza\u00e7\u00e3o s\u00f3 foi poss\u00edvel pois o munic\u00edpio, por meio da CPTrans, garantiu ao comerciante um novo espa\u00e7o, com melhores condi\u00e7\u00f5es e \u00e1rea de trabalho, na Esta\u00e7\u00e3o Rodovi\u00e1ria Imperatriz Leopoldina.<\/p>\n\n\n\n<p>A iniciativa partiu de uma coopera\u00e7\u00e3o entre os setores p\u00fablico e privado para reurbanizar a regi\u00e3o. A iniciativa privada, respons\u00e1vel por financiar a demoli\u00e7\u00e3o e o novo espa\u00e7o, ser\u00e1 a principal respons\u00e1vel por todo o processo, garantindo que as obras de revitaliza\u00e7\u00e3o do espa\u00e7o sejam realizadas de acordo com os \u00f3rg\u00e3os de preserva\u00e7\u00e3o e tombamento.<\/p>\n\n\n\n<p>O secret\u00e1rio de Desenvolvimento Econ\u00f4mico e presidente da CPTrans, Thiago Damaceno destacou a import\u00e2ncia do projeto e a preocupa\u00e7\u00e3o da administra\u00e7\u00e3o municipal em oferecer melhores condi\u00e7\u00f5es para o comerciante e minimizar os efeitos negativos causados pela demoli\u00e7\u00e3o. &#8220;Esperamos que essas a\u00e7\u00f5es impulsionem a economia local e contribuam para o desenvolvimento sustent\u00e1vel da cidade, tornando a regi\u00e3o um local mais atrativo para todos os envolvidos\u201d, disse.<\/p>\n\n\n\n<p>O comerciante Dirceu Pereira de Souza, mais conhecido como Ca\u00e7ulinha, afetado pela remo\u00e7\u00e3o do antigo estabelecimento, recebeu um novo espa\u00e7o, com instala\u00e7\u00f5es maiores e infraestrutura adequada, no Terminal Rodovi\u00e1rio do Centro.<\/p>\n\n\n\n<p>\u201cO Ca\u00e7ulinha bar ficou na Rua Paulo Barbosa por muitos anos, criei meus filhos l\u00e1. Mudan\u00e7as s\u00e3o sempre dif\u00edceis, mas acredito e tenho f\u00e9 que essa mudan\u00e7a vai ser boa. Agora vou trabalhar nesse novo espa\u00e7o que \u00e9 maior, continuando sendo o Ca\u00e7ulinha Bar que todos conhecem e que faz parte da hist\u00f3ria dessa regi\u00e3o. Espero que a revitaliza\u00e7\u00e3o daquele espa\u00e7o seja realmente muito boa para todos\u201d,disse o comerciante.<\/p>\n\n\n\n<p>A iniciativa foi bem recebida pelos comerciantes locais, que veem na demoli\u00e7\u00e3o do abrigo e realoca\u00e7\u00e3o do com\u00e9rcio uma oportunidade de crescimento e moderniza\u00e7\u00e3o de seus neg\u00f3cios. A expectativa \u00e9 de que a revitaliza\u00e7\u00e3o da \u00e1rea comercial atraia mais investimentos e estimule o desenvolvimento econ\u00f4mico da regi\u00e3o como um todo.<\/p>\n\n\n\n<p>\u201cA retirada dessa estrutura e a revitaliza\u00e7\u00e3o desse espa\u00e7o ser\u00e1 muito importante para essa regi\u00e3o, e principalmente para n\u00f3s comerciantes daqui. Nosso movimento vai aumentar, pois teremos cal\u00e7adas mais amplas. A expectativa \u00e9 muito positiva. Um espa\u00e7o mais bonito e mais cuidado vai valorizar muito. Estou muito feliz com esse acontecimento e muito ansiosa pelo novo projeto de revitaliza\u00e7\u00e3o. Todos n\u00f3s comerciantes estamos. Vamos continuar em contato com o pessoal do Ca\u00e7ulinha Bar, agora em um espa\u00e7o melhor\u201d, relatou Loize Fernandes, propriet\u00e1ria da Ortofarma Rede Nova.<\/p>\n\n\n\n<p>Foto Redes Sociais<\/p>\n","protected":false},"excerpt":{"rendered":"<p>Medida visa modernizar e revitalizar a regi\u00e3o da Rua Paulo Barbosa A Prefeitura autorizou a<\/p>\n","protected":false},"author":2,"featured_media":60267,"comment_status":"open","ping_status":"open","sticky":false,"template":"","format":"standard","meta":{"footnotes":""},"categories":[12],"tags":[],"class_list":["post-60266","post","type-post","status-publish","format-standard","has-post-thumbnail","hentry","category-cidade"],"_links":{"self":[{"href":"https:\/\/tvc16.com\/portal\/wp-json\/wp\/v2\/posts\/60266","targetHints":{"allow":["GET"]}}],"collection":[{"href":"https:\/\/tvc16.com\/portal\/wp-json\/wp\/v2\/posts"}],"about":[{"href":"https:\/\/tvc16.com\/portal\/wp-json\/wp\/v2\/types\/post"}],"author":[{"embeddable":true,"href":"https:\/\/tvc16.com\/portal\/wp-json\/wp\/v2\/users\/2"}],"replies":[{"embeddable":true,"href":"https:\/\/tvc16.com\/portal\/wp-json\/wp\/v2\/comments?post=60266"}],"version-history":[{"count":1,"href":"https:\/\/tvc16.com\/portal\/wp-json\/wp\/v2\/posts\/60266\/revisions"}],"predecessor-version":[{"id":60268,"href":"https:\/\/tvc16.com\/portal\/wp-json\/wp\/v2\/posts\/60266\/revisions\/60268"}],"wp:featuredmedia":[{"embeddable":true,"href":"https:\/\/tvc16.com\/portal\/wp-json\/wp\/v2\/media\/60267"}],"wp:attachment":[{"href":"https:\/\/tvc16.com\/portal\/wp-json\/wp\/v2\/media?parent=60266"}],"wp:term":[{"taxonomy":"category","embeddable":true,"href":"https:\/\/tvc16.com\/portal\/wp-json\/wp\/v2\/categories?post=60266"},{"taxonomy":"post_tag","embeddable":true,"href":"https:\/\/tvc16.com\/portal\/wp-json\/wp\/v2\/tags?post=60266"}],"curies":[{"name":"wp","href":"https:\/\/api.w.org\/{rel}","templated":true}]}}