{"id":60272,"date":"2023-05-29T09:00:00","date_gmt":"2023-05-29T12:00:00","guid":{"rendered":"https:\/\/tvc16.com\/portal\/?p=60272"},"modified":"2023-05-28T16:34:35","modified_gmt":"2023-05-28T19:34:35","slug":"iniciativas-da-sociedade-civil-ajudam-a-preservar-mata-atlantica","status":"publish","type":"post","link":"https:\/\/tvc16.com\/portal\/2023\/05\/29\/iniciativas-da-sociedade-civil-ajudam-a-preservar-mata-atlantica\/","title":{"rendered":"Iniciativas da sociedade civil ajudam a preservar Mata Atl\u00e2ntica"},"content":{"rendered":"\n<h3 class=\"wp-block-heading\">Bioma tem atualmente apenas 24% da cobertura vegetal original<\/h3>\n\n\n\n<p>A preserva\u00e7\u00e3o da Mata Atl\u00e2ntica levou uma comunidade em Barra do Turvo, interior paulista, ao saneamento b\u00e1sico, \u00e0 autonomia financeira e ao protagonismo comunit\u00e1rio para as mulheres. A Rede Agroecol\u00f3gica de Mulheres Agricultoras (Rama), na regi\u00e3o do Vale do Ribeira, \u00e9 uma das iniciativas que contribuem para a defesa e restaura\u00e7\u00e3o do bioma, que \u00e9 o mais devastado do pa\u00eds.<img decoding=\"async\" src=\"https:\/\/agenciabrasil.ebc.com.br\/ebc.png?id=1535648&amp;o=node\"><img decoding=\"async\" src=\"https:\/\/agenciabrasil.ebc.com.br\/ebc.gif?id=1535648&amp;o=node\"><\/p>\n\n\n\n<p>A Mata Atl\u00e2ntica, cujo dia \u00e9 comemorado neste s\u00e1bado, 27 de maio, tem apenas 24% de cobertura vegetal original conservada, e metade disso \u00e9 de florestas maduras e bem preservadas. Os dados s\u00e3o da Funda\u00e7\u00e3o SOS Mata Atl\u00e2ntica, que revelou nesta semana o desmatamento de mais de 20 mil hectares no per\u00edodo de um ano, o que equivale a 20 mil campos de futebol.<\/p>\n\n\n\n<p>Cerca de 70 mulheres e suas fam\u00edlias produzem alimentos no modelo de agrofloresta, sem necessidade de desmatar os terrenos e sem usar agrot\u00f3xicos e preservando as \u00e1guas do entorno. Todo esse trabalho gerou benef\u00edcios para a comunidade, para al\u00e9m de manter a floresta em p\u00e9.<\/p>\n\n\n\n<p>\u201cNa floresta, a gente tem o cambuci, tem a erva-mate e o pomar, que \u00e9 misturado com as \u00e1rvores nativas. E l\u00e1 nos quilombos tamb\u00e9m: eles t\u00eam agrofloresta e as planta\u00e7\u00f5es deles s\u00e3o na floresta. Tem banana, pupunha, palmito, horta, tudo rodeado de \u00e1rvores. Tudo que a gente planta, nos grupos e no quilombo, \u00e9 agrofloresta. O que \u00e9 mais aberto \u00e9 onde se planta verdura, mesmo assim \u00e9 nos cantinhos e com \u00e1rvore perto\u201d, disse Maria Izaldite Dias, de 70 anos, integrante da rede desde sua forma\u00e7\u00e3o em 2015.<\/p>\n\n\n\n<p>Izaldite lembrou o tempo em que os esgotos escorriam pelos quintais das casas. Com a implanta\u00e7\u00e3o do projeto de agricultura de mulheres da regi\u00e3o, foi poss\u00edvel instalar fossas onde antes o esgoto escorria pelos terrenos. \u201cEu me sinto muito feliz de hoje, passando na casa das companheiras, ver que os esgotos n\u00e3o est\u00e3o escorrendo no terreno e de saber que isso melhorou a vida das pessoas e que muitas delas tiveram consci\u00eancia de n\u00e3o limpar mais seu quintal com veneno\u201d, disse.<\/p>\n\n\n\n<p>\u201cAs pessoas andavam doentes, as crian\u00e7as com diarreia, e a gente n\u00e3o sabia o que era, estavam sempre nos postos de sa\u00fade tratando e nada adiantava. Melhorou a sa\u00fade das crian\u00e7as, das fam\u00edlias\u201d, disse a agricultora. As primeiras fossas instaladas foram fruto de investimento da pr\u00f3pria comunidade, o que chamou a aten\u00e7\u00e3o para receber apoio do munic\u00edpio para as seguintes.<\/p>\n\n\n\n<p>Segundo Izaldite, as mulheres tinham vontade de fazer algo por elas mesmas, mas isso parecia \u201ct\u00e3o longe da realidade que a gente nem tentava nada.\u201d A organiza\u00e7\u00e3o da rede contou com o apoio da Sempreviva Organiza\u00e7\u00e3o Feminista (SOF). \u201cMuito importante tamb\u00e9m foi o despertar das mulheres, que aprenderam que tinha coisa que elas podiam fazer, que elas podiam sair, que elas podiam ter o dinheirinho delas. Ent\u00e3o, foi uma liberta\u00e7\u00e3o. Muitas mulheres sa\u00edram da depress\u00e3o, porque viviam fechadas, sem ter o que fazer s\u00f3 dentro de casa e, \u00e0s vezes, sob os olhos do marido. Era uma coisa muito triste\u201d, lembrou.<\/p>\n\n\n\n<p>Outra iniciativa \u00e9 a Rede de Sementes do Vale do Ribeira, com a proposta de restaura\u00e7\u00e3o florestal desde 2017 por meio da coleta de sementes pelas comunidades quilombolas da regi\u00e3o. Atualmente, s\u00e3o aproximadamente 60 coletores de cinco dessas comunidades: Andr\u00e9 Lopes, Bombas, Maria Rosa, Nhunguara e S\u00e3o Pedro.<\/p>\n\n\n\n<h2 class=\"wp-block-heading\">Profissionaliza\u00e7\u00e3o<\/h2>\n\n\n\n<p>A venda das esp\u00e9cies coletadas \u00e9 feita para viveiros e iniciativas de restaura\u00e7\u00e3o que plantam as sementes e fazem com que mais florestas cres\u00e7am em \u00e1reas antes degradadas. O coordenador da Rede, Juliano Codorna, disse que, no ano passado, foi formalizada uma cooperativa desses coletores como forma de valoriza\u00e7\u00e3o do conhecimento das comunidades, para al\u00e9m da gera\u00e7\u00e3o de renda.<\/p>\n\n\n\n<p>\u201cA ideia \u00e9 come\u00e7ar realmente a profissionalizar isso, pensar estruturalmente como um neg\u00f3cio, mas tamb\u00e9m valorizar o conhecimento das comunidades, valorizar esses territ\u00f3rios. Porque a coleta de sementes, a comercializa\u00e7\u00e3o, s\u00f3 \u00e9 poss\u00edvel porque existem esses territ\u00f3rios e porque as comunidades vivem l\u00e1 h\u00e1 mais de 300 anos, e fazem o manejo da floresta\u201d, disse.<\/p>\n\n\n\n<p>Codoma ressaltou que a preserva\u00e7\u00e3o das florestas dentro desses territ\u00f3rios faz parte do manejo e do modo de vida das comunidades, ou seja, \u00e9 manejar fazendo ro\u00e7a e deixando reflorestamento. Outro resultado do projeto \u00e9 o despertar das comunidades para esp\u00e9cies que passavam despercebidas porque n\u00e3o s\u00e3o usadas no dia a dia.<\/p>\n\n\n\n<p>\u201cHoje, com a coleta de sementes, voc\u00ea v\u00ea v\u00e1rios relatos assim &#8216;eu ia para fazer ro\u00e7a, pegava e botava a enxada nas costas e ia andando com a cabe\u00e7a l\u00e1 at\u00e9 chegar, trabalhar e voltar. Hoje, eu j\u00e1 vou pelo caminho olhando a semente, olhando se tem uma \u00e1rvore com flor, se tem uma semente, se tem algum fruto. Esse trabalho com a semente desenvolveu tamb\u00e9m um olhar dessas comunidades para a vegeta\u00e7\u00e3o\u201d, afirmou o coordenador da Rede.<\/p>\n\n\n\n<h2 class=\"wp-block-heading\">Biodiversidade<\/h2>\n\n\n\n<p>Para que iniciativas de restaura\u00e7\u00e3o tenham mais chance de sucesso, a plataforma Plangea Web, do Instituto Internacional para Sustentabilidade (IIS), oferece a visualiza\u00e7\u00e3o de \u00e1reas priorit\u00e1rias para a\u00e7\u00f5es de restaura\u00e7\u00e3o e conserva\u00e7\u00e3o de ecossistemas. O diretor executivo do IIS, Rafael Loyola, explicou que a l\u00f3gica da plataforma se d\u00e1 diante do fato de a biodiversidade n\u00e3o ser distribu\u00edda de forma homog\u00eanea.<\/p>\n\n\n\n<p>\u201cTem lugares com muito mais biodiversidade do que outros. Por exemplo, a biodiversidade do sul da Bahia, na Mata Atl\u00e2ntica, \u00e9 muito maior tanto de flora quanto de fauna do que a biodiversidade da Mata Atl\u00e2ntica do interior de S\u00e3o Paulo ou do interior de Minas. A biodiversidade nas \u00e1reas montanhosas, como a Serra do Mar e a Serra da Mantiqueira, \u00e9 muito maior do que em \u00e1reas planas, como o Vale do Para\u00edba\u201d, exemplificou.<\/p>\n\n\n\n<p>Diante dessa realidade, Loyola acrescenta que, s\u00f3 por isso, tem lugares que, se forem restaurados, a possibilidade de voltar a ter a fauna e a flora que originalmente estavam ali \u00e9 muito maior do que outros. Ele aponta tr\u00eas elementos principais que a plataforma identifica: onde a biodiversidade se concentra, onde o carbono pode ser melhor sequestrado, ou absorvido, e onde \u00e9 mais barata a restaura\u00e7\u00e3o.<\/p>\n\n\n\n<p>\u201cPor isso que faz tanta diferen\u00e7a ter um mapa de \u00e1reas priorit\u00e1rias, porque, no fundo, voc\u00ea quer ter o maior benef\u00edcio poss\u00edvel com o menor recurso. Se voc\u00ea fizer aleatoriamente, vai ter benef\u00edcios, \u00f3bvio. Mas n\u00e3o \u00e9 a maneira mais inteligente de fazer. Por isso que a gente chama essa abordagem de intelig\u00eancia espacial. Como \u00e9 que voc\u00ea usa o espa\u00e7o, o territ\u00f3rio, de uma maneira mais inteligente, para ter mais benef\u00edcios com o mesmo esfor\u00e7o\u201d, explicou.<\/p>\n\n\n\n<p>Por Camila Boehm \u2013 Rep\u00f3rter da Ag\u00eancia Brasil<\/p>\n\n\n\n<p>Foto Nossos Biomas &#8211; Tv Brasil<\/p>\n","protected":false},"excerpt":{"rendered":"<p>Bioma tem atualmente apenas 24% da cobertura vegetal original A preserva\u00e7\u00e3o da Mata Atl\u00e2ntica levou<\/p>\n","protected":false},"author":2,"featured_media":60273,"comment_status":"open","ping_status":"open","sticky":false,"template":"","format":"standard","meta":{"footnotes":""},"categories":[17],"tags":[],"class_list":["post-60272","post","type-post","status-publish","format-standard","has-post-thumbnail","hentry","category-outras-noticias"],"_links":{"self":[{"href":"https:\/\/tvc16.com\/portal\/wp-json\/wp\/v2\/posts\/60272","targetHints":{"allow":["GET"]}}],"collection":[{"href":"https:\/\/tvc16.com\/portal\/wp-json\/wp\/v2\/posts"}],"about":[{"href":"https:\/\/tvc16.com\/portal\/wp-json\/wp\/v2\/types\/post"}],"author":[{"embeddable":true,"href":"https:\/\/tvc16.com\/portal\/wp-json\/wp\/v2\/users\/2"}],"replies":[{"embeddable":true,"href":"https:\/\/tvc16.com\/portal\/wp-json\/wp\/v2\/comments?post=60272"}],"version-history":[{"count":1,"href":"https:\/\/tvc16.com\/portal\/wp-json\/wp\/v2\/posts\/60272\/revisions"}],"predecessor-version":[{"id":60274,"href":"https:\/\/tvc16.com\/portal\/wp-json\/wp\/v2\/posts\/60272\/revisions\/60274"}],"wp:featuredmedia":[{"embeddable":true,"href":"https:\/\/tvc16.com\/portal\/wp-json\/wp\/v2\/media\/60273"}],"wp:attachment":[{"href":"https:\/\/tvc16.com\/portal\/wp-json\/wp\/v2\/media?parent=60272"}],"wp:term":[{"taxonomy":"category","embeddable":true,"href":"https:\/\/tvc16.com\/portal\/wp-json\/wp\/v2\/categories?post=60272"},{"taxonomy":"post_tag","embeddable":true,"href":"https:\/\/tvc16.com\/portal\/wp-json\/wp\/v2\/tags?post=60272"}],"curies":[{"name":"wp","href":"https:\/\/api.w.org\/{rel}","templated":true}]}}