{"id":60278,"date":"2023-05-29T10:00:00","date_gmt":"2023-05-29T13:00:00","guid":{"rendered":"https:\/\/tvc16.com\/portal\/?p=60278"},"modified":"2023-05-28T16:46:56","modified_gmt":"2023-05-28T19:46:56","slug":"claudio-castro-assina-memorando-de-entendimentos-com-a-totalenergies","status":"publish","type":"post","link":"https:\/\/tvc16.com\/portal\/2023\/05\/29\/claudio-castro-assina-memorando-de-entendimentos-com-a-totalenergies\/","title":{"rendered":"Cl\u00e1udio Castro assina Memorando de Entendimentos com a TotalEnergies"},"content":{"rendered":"\n<p>Parceria p\u00f5e o Rio \u00e0 frente da pauta da transi\u00e7\u00e3o ecol\u00f3gica e colabora com o objetivo de se tornar a Capital Verde da Am\u00e9rica Latina<\/p>\n\n\n\n<p>O Governo do Estado do Rio de Janeiro e a TotalEnergies assinaram, na sexta-feira, 26, o Memorando de Entendimentos (MoU, na sigla em ingl\u00eas) uma atua\u00e7\u00e3o em conjunto para o desenvolvimento da gera\u00e7\u00e3o e\u00f3lica offshore no estado. O acordo, com dura\u00e7\u00e3o de dois anos, marca a colabora\u00e7\u00e3o entre o estado e a empresa nos estudos relacionados aos incentivos fiscais, tribut\u00e1rios e \u00e0 expans\u00e3o para futuros projetos.<\/p>\n\n\n\n<p>Ao assinar o documento, o governador Cl\u00e1udio Castro manifestou a sua satisfa\u00e7\u00e3o pelo avan\u00e7o de a\u00e7\u00f5es sustent\u00e1veis no Rio de Janeiro, o que classificou como uma voca\u00e7\u00e3o. O acordo foi celebrado com Charles Fernandes, diretor-geral da empresa TotalEnergies EP Brasil e presidente da marca no pa\u00eds. Participou tamb\u00e9m o secret\u00e1rio de Estado de Energia e Economia do Mar, Hugo Leal.- \u00c9 uma honra a assinatura deste memorando. \u00c9 mais uma importante conquista para o conjunto de a\u00e7\u00f5es que estamos realizando nos \u00faltimos anos para recuperar o protagonismo do Estado do Rio de Janeiro, especialmente na pauta da transi\u00e7\u00e3o ecol\u00f3gica. O Rio tem voca\u00e7\u00e3o energ\u00e9tica, um hub do Brasil e o nosso objetivo \u00e9 transformar o nosso estado na Capital Verde da Am\u00e9rica Latina \u2013 declarou o governador Cl\u00e1udio Castro.<\/p>\n\n\n\n<p><strong>Energia e\u00f3lica<\/strong><\/p>\n\n\n\n<p>O secret\u00e1rio Hugo Leal destacou as vantagens competitivas do Rio de Janeiro para a implanta\u00e7\u00e3o de usinas e\u00f3licas offshore.- O Estado do Rio de Janeiro, al\u00e9m dos ventos constantes na regi\u00e3o Norte Fluminense, tem como diferencial a infraestrutura log\u00edstica e portu\u00e1ria adequada para a implanta\u00e7\u00e3o de e\u00f3licas offshore. Temos portos localizados estrategicamente que facilitam o transporte das turbinas, torres e todos os componentes das usinas e\u00f3licas da terra para o mar. Al\u00e9m disso, temos mais de 40 anos de experi\u00eancia em atividades offshore, adquiridas com a explora\u00e7\u00e3o de petr\u00f3leo nas \u00e1guas profundas, m\u00e3o de obra qualificada e empresas especializadas no segmento offshore &#8211; afirmou.<\/p>\n\n\n\n<p>No Brasil h\u00e1 quase 50 anos, a TotalEnergies avalia \u00e1reas desde o ano passado para licenciamento ambiental de projetos e\u00f3licos offshore. No final de 2022, a empresa anunciou a assinatura de um MoU com Prumo Log\u00edstica, holding controlada pelo EIG e respons\u00e1vel pelo desenvolvimento do Porto do A\u00e7u, para estudos que visam a instala\u00e7\u00e3o de bases de apoio log\u00edstico no A\u00e7u para apoiar projetos e\u00f3licos que venham a ser desenvolvidos pela TotalEnergies.- Estamos entusiasmados com esta parceria com o Governo porque refor\u00e7a a sinergia da TotalEnergies com o movimento de expans\u00e3o do mercado das e\u00f3licas offshore. <\/p>\n\n\n\n<p>A Companhia tem reconhecida experi\u00eancia no segmento.\u00a0 A assinatura est\u00e1 alinhada com a nossa estrat\u00e9gia de alcan\u00e7ar a neutralidade de carbono at\u00e9 2050 e com o nosso compromisso de investir a longo prazo no pa\u00eds &#8211; afirma Charles Fernandes, Diretor Geral da TotalEnergies EP Brasil e Country Chair da Companhia no Brasil.A TotalEnergies opera no Brasil h\u00e1 quase 50 anos, atrav\u00e9s de seis subsidi\u00e1rias, e hoje emprega mais de 3.500 pessoas em seus segmentos de neg\u00f3cios, em atividades de explora\u00e7\u00e3o e produ\u00e7\u00e3o, g\u00e1s, energias renov\u00e1veis (solar e e\u00f3lica), lubrificantes, produtos qu\u00edmicos e distribui\u00e7\u00e3o.<\/p>\n\n\n\n<p>O portf\u00f3lio de Explora\u00e7\u00e3o &amp; Produ\u00e7\u00e3o da empresa inclui atualmente dez licen\u00e7as, das quais quatro s\u00e3o de ativos operados. Adicionalmente, a TotalEnergies arrematou, em dezembro de 2022, um novo bloco n\u00e3o-operado de explora\u00e7\u00e3o em \u00e1guas profundas, na bacia de Campos (\u00c1gua Marinha, 30%), cujo Contrato de Partilha de Produ\u00e7\u00e3o dever\u00e1 ser assinado no primeiro semestre de 2023. Em 2022, a produ\u00e7\u00e3o m\u00e9dia da empresa no pa\u00eds foi de 104 mil barris de \u00f3leo equivalente por dia.<\/p>\n","protected":false},"excerpt":{"rendered":"<p>Parceria p\u00f5e o Rio \u00e0 frente da pauta da transi\u00e7\u00e3o ecol\u00f3gica e colabora com o<\/p>\n","protected":false},"author":2,"featured_media":60279,"comment_status":"open","ping_status":"open","sticky":false,"template":"","format":"standard","meta":{"footnotes":""},"categories":[17],"tags":[],"class_list":["post-60278","post","type-post","status-publish","format-standard","has-post-thumbnail","hentry","category-outras-noticias"],"_links":{"self":[{"href":"https:\/\/tvc16.com\/portal\/wp-json\/wp\/v2\/posts\/60278","targetHints":{"allow":["GET"]}}],"collection":[{"href":"https:\/\/tvc16.com\/portal\/wp-json\/wp\/v2\/posts"}],"about":[{"href":"https:\/\/tvc16.com\/portal\/wp-json\/wp\/v2\/types\/post"}],"author":[{"embeddable":true,"href":"https:\/\/tvc16.com\/portal\/wp-json\/wp\/v2\/users\/2"}],"replies":[{"embeddable":true,"href":"https:\/\/tvc16.com\/portal\/wp-json\/wp\/v2\/comments?post=60278"}],"version-history":[{"count":1,"href":"https:\/\/tvc16.com\/portal\/wp-json\/wp\/v2\/posts\/60278\/revisions"}],"predecessor-version":[{"id":60280,"href":"https:\/\/tvc16.com\/portal\/wp-json\/wp\/v2\/posts\/60278\/revisions\/60280"}],"wp:featuredmedia":[{"embeddable":true,"href":"https:\/\/tvc16.com\/portal\/wp-json\/wp\/v2\/media\/60279"}],"wp:attachment":[{"href":"https:\/\/tvc16.com\/portal\/wp-json\/wp\/v2\/media?parent=60278"}],"wp:term":[{"taxonomy":"category","embeddable":true,"href":"https:\/\/tvc16.com\/portal\/wp-json\/wp\/v2\/categories?post=60278"},{"taxonomy":"post_tag","embeddable":true,"href":"https:\/\/tvc16.com\/portal\/wp-json\/wp\/v2\/tags?post=60278"}],"curies":[{"name":"wp","href":"https:\/\/api.w.org\/{rel}","templated":true}]}}