{"id":60281,"date":"2023-05-29T11:00:00","date_gmt":"2023-05-29T14:00:00","guid":{"rendered":"https:\/\/tvc16.com\/portal\/?p=60281"},"modified":"2023-05-28T16:52:09","modified_gmt":"2023-05-28T19:52:09","slug":"estado-do-rio-registra-terceiro-caso-de-gripe-aviaria","status":"publish","type":"post","link":"https:\/\/tvc16.com\/portal\/2023\/05\/29\/estado-do-rio-registra-terceiro-caso-de-gripe-aviaria\/","title":{"rendered":"Estado do Rio registra terceiro caso de gripe avi\u00e1ria"},"content":{"rendered":"\n<h3 class=\"wp-block-heading\">Trata-se de um trinta-r\u00e9is-de-bando, encontrado na Ilha do Governador<\/h3>\n\n\n\n<p><audio src=\"https:\/\/tts-app.ebc.com.br\/media\/tts\/204111.mp3\"><\/audio>O estado do Rio de Janeiro registrou o terceiro caso de ave silvestre migrat\u00f3ria contaminada com influenza avi\u00e1ria (H5N1), a chamada gripe avi\u00e1ria. O\u00a0governo do Rio informou, neste s\u00e1bado\u00a0(27) \u00e0 noite, que o trinta-r\u00e9is-de-bando (<em>Thalasseus acuflavidus<\/em>) foi encontrado na Ilha do Governador, zona norte do Rio.<img decoding=\"async\" src=\"https:\/\/agenciabrasil.ebc.com.br\/ebc.png?id=1535715&amp;o=node\"><img decoding=\"async\" src=\"https:\/\/agenciabrasil.ebc.com.br\/ebc.gif?id=1535715&amp;o=node\"><\/p>\n\n\n\n<p>De acordo com o comunicado, o Laborat\u00f3rio Federal de Defesa Agropecu\u00e1ria (LFDA-SP) do Minist\u00e9rio da Agricultura, Pecu\u00e1ria e Abastecimento (Mapa) fez a an\u00e1lise do material da ave que foi recolhida, por profissional especializado, na ter\u00e7a-feira (23).<\/p>\n\n\n\n<p>O governo estadual acrescentou que o Centro de Informa\u00e7\u00f5es Estrat\u00e9gicas em Vigil\u00e2ncia em Sa\u00fade (Cievs) das secretarias de Estado de Sa\u00fade (SES-RJ) e municipal de Sa\u00fade do Rio de Janeiro est\u00e1 monitorando as tr\u00eas pessoas que atuaram no recolhimento do animal. \u201cAt\u00e9 o momento, nenhuma delas apresenta sintoma gripal e, por isso, n\u00e3o foram colhidas amostras para exames\u201d, apontou o comunicado.<\/p>\n\n\n\n<p>Ainda em maio, outras duas aves silvestres da mesma esp\u00e9cie foram identificadas, com o v\u00edrus H5N1. \u201cElas foram encontradas em S\u00e3o Jo\u00e3o da Barra, no Norte Fluminense, e em Cabo Frio, na regi\u00e3o dos Lagos\u201d, completou o Executivo fluminense.<\/p>\n\n\n\n<p>As a\u00e7\u00f5es de monitoramento e preven\u00e7\u00e3o para evitar a dissemina\u00e7\u00e3o do v\u00edrus no estado, segundo autoridades estaduais, foram intensificadas. A Secretaria de Agricultura, Pecu\u00e1ria, Pesca e Abastecimento (Seappa) divulgou, nesta semana, &#8220;o Plano de Conting\u00eancia que estabelece medidas de controle para detectar precocemente e conter a dissemina\u00e7\u00e3o da Influenza Avi\u00e1ria em aves dom\u00e9sticas, silvestres e ex\u00f3ticas\u201d. Al\u00e9m disso, por se tratar de zoonose com potencial pand\u00eamico, o documento estabelece o fluxo de informa\u00e7\u00e3o entre os \u00f3rg\u00e3os envolvidos.<\/p>\n\n\n\n<p>\u201cAs secretarias de Sa\u00fade e de Agricultura institu\u00edram um fluxo de comunica\u00e7\u00e3o para informar qualquer mortalidade de aves suspeitas, assim como pessoas com suspeita de s\u00edndrome gripal com hist\u00f3rico de contato com aves suspeitas\u201d, completou na nota.<\/p>\n\n\n\n<p>De acordo com os t\u00e9cnicos da SES e da Seappa,n\u00e3o h\u00e1 motivos de preocupa\u00e7\u00e3o da popula\u00e7\u00e3o sobre epidemia de H5N1, porque, no momento, n\u00e3o h\u00e1 transmiss\u00e3o direta, de pessoa para pessoa. Os t\u00e9cnicos ressaltaram ainda que a doen\u00e7a n\u00e3o \u00e9 transmitida pelo consumo de carne de aves e nem de ovos. \u201cAs infec\u00e7\u00f5es humanas pelo v\u00edrus da Influenza Avi\u00e1ria ocorrem por meio do contato direto com aves infectadas (vivas ou mortas)\u201d, informaram.<\/p>\n\n\n\n<h2 class=\"wp-block-heading\">Preven\u00e7\u00e3o<\/h2>\n\n\n\n<p>Tamb\u00e9m no comunicado, o governo do Rio lembrou que na segunda-feira passada (22), o Minist\u00e9rio da Agricultura&nbsp;<a href=\"https:\/\/agenciabrasil.ebc.com.br\/saude\/noticia\/2023-05\/gripe-aviaria-leva-brasil-decretar-emergencia-zoossanitaria\" target=\"_blank\" rel=\"noreferrer noopener\">decretou emerg\u00eancia zoosanit\u00e1ria&nbsp;<\/a>em todo o territ\u00f3rio nacional. A inten\u00e7\u00e3o \u00e9 evitar que a doen\u00e7a chegue \u00e0 produ\u00e7\u00e3o de aves de subsist\u00eancia e comercial, al\u00e9m de preservar a fauna silvestre e a sa\u00fade humana.<\/p>\n\n\n\n<p>J\u00e1 a SES-RJ orientou os profissionais das unidades de sa\u00fade que sigam atentos, durante a triagem e o atendimento m\u00e9dico, a casos de s\u00edndrome gripal em pacientes que tiveram contato com animais silvestres. \u201cHavendo suspeita, a coleta de amostras \u00e9 recomendada, independentemente do dia de in\u00edcio dos sintomas, incluindo os casos em unidade de terapia intensiva (UTI). O diagn\u00f3stico por RT-PCR \u00e9 considerado o m\u00e9todo padr\u00e3o-ouro e deve sempre ser adotado para obten\u00e7\u00e3o dos resultados laboratoriais\u201d, apontou.<\/p>\n\n\n\n<h2 class=\"wp-block-heading\">Alerta<\/h2>\n\n\n\n<p>A Secretaria de Estado de Agricultura chamou aten\u00e7\u00e3o para a necessidade de a popula\u00e7\u00e3o evitar contato direto com aves ca\u00eddas, mortas ou n\u00e3o, dom\u00e9sticas, silvestres\/ex\u00f3ticas e migrat\u00f3rias, al\u00e9m de mam\u00edferos aqu\u00e1ticos (qualquer esp\u00e9cie). \u201cQualquer suspeita de animal contaminado deve ser comunicada imediatamente ao N\u00facleo de Defesa Agropecu\u00e1ria da regi\u00e3o ou \u00e0 Coordena\u00e7\u00e3o de Vigil\u00e2ncia Ambiental do seu munic\u00edpio\u201d, orientou.<\/p>\n\n\n\n<h2 class=\"wp-block-heading\">Avicultores<\/h2>\n\n\n\n<p>Aos criadores de aves de corte ou postura, avicultura de pequena escala e subsist\u00eancia, a Secretaria de Agricultura sugeriu que intensifiquem as medidas de biosseguridade das granjas. \u201cDevem ser tomados cuidados como proibir terminantemente qualquer tipo de visita \u00e0s unidades de produ\u00e7\u00e3o; conferir cercamento de n\u00facleo e telamento adequado do galp\u00e3o; manter o port\u00e3o de acesso das propriedades fechado; desinfetar ve\u00edculos e materiais que acessem as granjas; ter cuidados com ra\u00e7\u00e3o e \u00e1gua; manter registro de pessoas e ve\u00edculos entre outras medidas definidas nas normas vigentes\u201d, indicou.<\/p>\n\n\n\n<p>Por Cristina Indio do Brasil &#8211; Rep\u00f3rter da Ag\u00eancia Brasil<\/p>\n\n\n\n<p>Foto Cl\u00e1udio Dias Timn<\/p>\n","protected":false},"excerpt":{"rendered":"<p>Trata-se de um trinta-r\u00e9is-de-bando, encontrado na Ilha do Governador O estado do Rio de Janeiro<\/p>\n","protected":false},"author":2,"featured_media":60282,"comment_status":"open","ping_status":"open","sticky":false,"template":"","format":"standard","meta":{"footnotes":""},"categories":[17],"tags":[],"class_list":["post-60281","post","type-post","status-publish","format-standard","has-post-thumbnail","hentry","category-outras-noticias"],"_links":{"self":[{"href":"https:\/\/tvc16.com\/portal\/wp-json\/wp\/v2\/posts\/60281","targetHints":{"allow":["GET"]}}],"collection":[{"href":"https:\/\/tvc16.com\/portal\/wp-json\/wp\/v2\/posts"}],"about":[{"href":"https:\/\/tvc16.com\/portal\/wp-json\/wp\/v2\/types\/post"}],"author":[{"embeddable":true,"href":"https:\/\/tvc16.com\/portal\/wp-json\/wp\/v2\/users\/2"}],"replies":[{"embeddable":true,"href":"https:\/\/tvc16.com\/portal\/wp-json\/wp\/v2\/comments?post=60281"}],"version-history":[{"count":1,"href":"https:\/\/tvc16.com\/portal\/wp-json\/wp\/v2\/posts\/60281\/revisions"}],"predecessor-version":[{"id":60283,"href":"https:\/\/tvc16.com\/portal\/wp-json\/wp\/v2\/posts\/60281\/revisions\/60283"}],"wp:featuredmedia":[{"embeddable":true,"href":"https:\/\/tvc16.com\/portal\/wp-json\/wp\/v2\/media\/60282"}],"wp:attachment":[{"href":"https:\/\/tvc16.com\/portal\/wp-json\/wp\/v2\/media?parent=60281"}],"wp:term":[{"taxonomy":"category","embeddable":true,"href":"https:\/\/tvc16.com\/portal\/wp-json\/wp\/v2\/categories?post=60281"},{"taxonomy":"post_tag","embeddable":true,"href":"https:\/\/tvc16.com\/portal\/wp-json\/wp\/v2\/tags?post=60281"}],"curies":[{"name":"wp","href":"https:\/\/api.w.org\/{rel}","templated":true}]}}