{"id":60290,"date":"2023-05-29T06:24:30","date_gmt":"2023-05-29T09:24:30","guid":{"rendered":"https:\/\/tvc16.com\/portal\/?p=60290"},"modified":"2023-05-29T06:24:30","modified_gmt":"2023-05-29T09:24:30","slug":"acao-social-leva-diversos-atendimentos-a-moradores-do-atilio-marotti","status":"publish","type":"post","link":"https:\/\/tvc16.com\/portal\/2023\/05\/29\/acao-social-leva-diversos-atendimentos-a-moradores-do-atilio-marotti\/","title":{"rendered":"A\u00e7\u00e3o social leva diversos atendimentos a moradores do At\u00edlio Marotti"},"content":{"rendered":"\n<p>Diversos servi\u00e7os foram promovidos pela Catedral Metodista em quadra da localidade<\/p>\n\n\n\n<p>O Campus Expans\u00e3o da Catedral Metodista de Petr\u00f3polis realizou, na manh\u00e3 deste domingo (28), uma a\u00e7\u00e3o social na quadra da Comunidade Unidos Venceremos, entre as regi\u00f5es do At\u00edlio Marotti e Quarteir\u00e3o Brasileiro. Al\u00e9m do apoio espiritual, a iniciativa levou servi\u00e7os de sa\u00fade, lazer e beleza, e ainda, orienta\u00e7\u00e3o profissional e jur\u00eddica aos moradores da localidade.<\/p>\n\n\n\n<figure class=\"wp-block-image size-large\"><img loading=\"lazy\" decoding=\"async\" width=\"1024\" height=\"576\" src=\"https:\/\/tvc16.com\/portal\/wp-content\/uploads\/2023\/05\/atilio-2-1024x576.jpeg\" alt=\"\" class=\"wp-image-60292\" srcset=\"https:\/\/tvc16.com\/portal\/wp-content\/uploads\/2023\/05\/atilio-2-1024x576.jpeg 1024w, https:\/\/tvc16.com\/portal\/wp-content\/uploads\/2023\/05\/atilio-2-300x169.jpeg 300w, https:\/\/tvc16.com\/portal\/wp-content\/uploads\/2023\/05\/atilio-2-768x432.jpeg 768w, https:\/\/tvc16.com\/portal\/wp-content\/uploads\/2023\/05\/atilio-2-1536x864.jpeg 1536w, https:\/\/tvc16.com\/portal\/wp-content\/uploads\/2023\/05\/atilio-2.jpeg 1600w\" sizes=\"auto, (max-width: 1024px) 100vw, 1024px\" \/><\/figure>\n\n\n\n<p>\u201cA comunidade ficou grata, se sentiu feliz e valorizada, amada. Nos acolheram super bem. Todos os servi\u00e7os foram bem procurados, especialmente a \u00e1rea de embelezamento feminino e \u00e1rea m\u00e9dica\u201d, afirmou o pastor do Campus Expans\u00e3o, H\u00e9lio Marzullo.<\/p>\n\n\n\n<p>Ao todo, foram mais de 10 atividades realizadas. A iniciativa contou com a participa\u00e7\u00e3o de profissionais de diferentes \u00e1reas, como m\u00e9dicos, advogados, t\u00e9cnicos de enfermagem e nutricionistas.<\/p>\n\n\n\n<figure class=\"wp-block-image size-large\"><img loading=\"lazy\" decoding=\"async\" width=\"1024\" height=\"768\" src=\"https:\/\/tvc16.com\/portal\/wp-content\/uploads\/2023\/05\/atilio-3-1024x768.jpeg\" alt=\"\" class=\"wp-image-60293\" srcset=\"https:\/\/tvc16.com\/portal\/wp-content\/uploads\/2023\/05\/atilio-3-1024x768.jpeg 1024w, https:\/\/tvc16.com\/portal\/wp-content\/uploads\/2023\/05\/atilio-3-300x225.jpeg 300w, https:\/\/tvc16.com\/portal\/wp-content\/uploads\/2023\/05\/atilio-3-768x576.jpeg 768w, https:\/\/tvc16.com\/portal\/wp-content\/uploads\/2023\/05\/atilio-3-1536x1152.jpeg 1536w, https:\/\/tvc16.com\/portal\/wp-content\/uploads\/2023\/05\/atilio-3-200x150.jpeg 200w, https:\/\/tvc16.com\/portal\/wp-content\/uploads\/2023\/05\/atilio-3.jpeg 1600w\" sizes=\"auto, (max-width: 1024px) 100vw, 1024px\" \/><\/figure>\n\n\n\n<p>Al\u00e9m da a\u00e7\u00e3o, a Catedral Metodista tamb\u00e9m conta com o Projeto Esperan\u00e7a. A iniciativa come\u00e7ou h\u00e1 pouco mais de um ano, com o objetivo inicial de auxiliar as v\u00edtimas das chuvas de 2022 no recome\u00e7o. No Campus Expans\u00e3o, que est\u00e1 localizado na Avenida Bar\u00e3o do Rio Branco, 1917, atualmente, \u00e9 desenvolvido um projeto de lutas.<\/p>\n\n\n\n<p>\u201cA vis\u00e3o da Catedral Metodista de Petr\u00f3polis e suas unidades \u00e9 de servi\u00e7o. Nossa vis\u00e3o aponta para a transforma\u00e7\u00e3o da cidade e das Na\u00e7\u00f5es! Cremos que o amor, a palavra e a gra\u00e7a de Deus s\u00e3o suficientes para transformar cidades inteiras\u201d, concluiu o pastor H\u00e9lio.<\/p>\n\n\n\n<p>Veja todas as a\u00e7\u00f5es realizadas neste domingo:<\/p>\n\n\n\n<ul class=\"wp-block-list\">\n<li>Tenda de ora\u00e7\u00e3o;<\/li>\n\n\n\n<li>Aplica\u00e7\u00e3o de fl\u00faor;<\/li>\n\n\n\n<li>Atendimento m\u00e9dico (cl\u00ednica e pediatria) e orienta\u00e7\u00e3o de sa\u00fade com profissionais habilitados;<\/li>\n\n\n\n<li>Brincadeira com crian\u00e7as;<\/li>\n\n\n\n<li>Algod\u00e3o doce;<\/li>\n\n\n\n<li>Pipoca;<\/li>\n\n\n\n<li>Advogados para orienta\u00e7\u00e3o;<\/li>\n\n\n\n<li>Recursos Humanos para preparar curr\u00edculo e encaminhar;<\/li>\n\n\n\n<li>Psic\u00f3logos;<\/li>\n\n\n\n<li>Nutricionistas;<\/li>\n\n\n\n<li>Bazar de roupas;<\/li>\n\n\n\n<li>Corte de cabelo, manicure, maquiagem e sobrancelha.<\/li>\n<\/ul>\n","protected":false},"excerpt":{"rendered":"<p>Diversos servi\u00e7os foram promovidos pela Catedral Metodista em quadra da localidade O Campus Expans\u00e3o da<\/p>\n","protected":false},"author":2,"featured_media":60291,"comment_status":"open","ping_status":"open","sticky":false,"template":"","format":"standard","meta":{"footnotes":""},"categories":[12],"tags":[],"class_list":["post-60290","post","type-post","status-publish","format-standard","has-post-thumbnail","hentry","category-cidade"],"_links":{"self":[{"href":"https:\/\/tvc16.com\/portal\/wp-json\/wp\/v2\/posts\/60290","targetHints":{"allow":["GET"]}}],"collection":[{"href":"https:\/\/tvc16.com\/portal\/wp-json\/wp\/v2\/posts"}],"about":[{"href":"https:\/\/tvc16.com\/portal\/wp-json\/wp\/v2\/types\/post"}],"author":[{"embeddable":true,"href":"https:\/\/tvc16.com\/portal\/wp-json\/wp\/v2\/users\/2"}],"replies":[{"embeddable":true,"href":"https:\/\/tvc16.com\/portal\/wp-json\/wp\/v2\/comments?post=60290"}],"version-history":[{"count":1,"href":"https:\/\/tvc16.com\/portal\/wp-json\/wp\/v2\/posts\/60290\/revisions"}],"predecessor-version":[{"id":60294,"href":"https:\/\/tvc16.com\/portal\/wp-json\/wp\/v2\/posts\/60290\/revisions\/60294"}],"wp:featuredmedia":[{"embeddable":true,"href":"https:\/\/tvc16.com\/portal\/wp-json\/wp\/v2\/media\/60291"}],"wp:attachment":[{"href":"https:\/\/tvc16.com\/portal\/wp-json\/wp\/v2\/media?parent=60290"}],"wp:term":[{"taxonomy":"category","embeddable":true,"href":"https:\/\/tvc16.com\/portal\/wp-json\/wp\/v2\/categories?post=60290"},{"taxonomy":"post_tag","embeddable":true,"href":"https:\/\/tvc16.com\/portal\/wp-json\/wp\/v2\/tags?post=60290"}],"curies":[{"name":"wp","href":"https:\/\/api.w.org\/{rel}","templated":true}]}}