{"id":60304,"date":"2023-05-29T12:48:49","date_gmt":"2023-05-29T15:48:49","guid":{"rendered":"https:\/\/tvc16.com\/portal\/?p=60304"},"modified":"2023-05-29T12:48:50","modified_gmt":"2023-05-29T15:48:50","slug":"vandalos-arrancam-ipes-amarelos-recem-plantados-na-avenida-koeler","status":"publish","type":"post","link":"https:\/\/tvc16.com\/portal\/2023\/05\/29\/vandalos-arrancam-ipes-amarelos-recem-plantados-na-avenida-koeler\/","title":{"rendered":"V\u00e2ndalos arrancam ip\u00eas amarelos rec\u00e9m-plantados na Avenida Koeler"},"content":{"rendered":"\n<p>O vandalismo est\u00e1 prejudicando um dos cart\u00f5es-postais da cidade. Recentemente, 90 mudas de ip\u00eas amarelos \u2013 \u00e1rvore-s\u00edmbolo da cidade \u2013 tinham sido plantados ao longo da Avenida Koeler, nas margens do Rio Quitandinha. Mas seis desses exemplares foram arrancados, quebrados ou danificados por criminosos na \u00faltima semana. A Prefeitura informou que vai iniciar, nos pr\u00f3ximos dias, o replantio dessas \u00e1rvores.<\/p>\n\n\n\n<p>O plantio dos ip\u00eas foi fruto de um Termo de Compromisso Ambiental assinado entre a Prefeitura e um empreendimento que precisou fazer supress\u00e3o de \u00e1rvores no seu terreno, tendo parte da compensa\u00e7\u00e3o transformada em servi\u00e7o ambiental. A lei estabelece, para estas compensa\u00e7\u00f5es ambientais, sejam usadas esp\u00e9cies da mata atl\u00e2ntica.<\/p>\n\n\n\n<p><strong>Sobre o Ip\u00ea Amarelo<\/strong><\/p>\n\n\n\n<p>Ip\u00ea amarelo \u00e9 o nome popular de algumas esp\u00e9cies de \u00e1rvores da regi\u00e3o Sul e Sudeste do Brasil, pertencentes \u00e0 fam\u00edlia bot\u00e2nica Bignoniaceae, g\u00eanero Tabebuia, que tamb\u00e9m compreende esp\u00e9cies com flores de cor branca, roxa, rosa ou lil\u00e1s.<\/p>\n\n\n\n<p>As \u00e1rvores desta esp\u00e9cie proporcionam um belo espet\u00e1culo com sua bela flora\u00e7\u00e3o e podem ser vistas em v\u00e1rios locais de Petr\u00f3polis.<\/p>\n\n\n\n<p>Foto: divulga\u00e7\u00e3o<\/p>\n","protected":false},"excerpt":{"rendered":"<p>O vandalismo est\u00e1 prejudicando um dos cart\u00f5es-postais da cidade. Recentemente, 90 mudas de ip\u00eas amarelos<\/p>\n","protected":false},"author":2,"featured_media":60305,"comment_status":"open","ping_status":"open","sticky":false,"template":"","format":"standard","meta":{"footnotes":""},"categories":[12],"tags":[],"class_list":["post-60304","post","type-post","status-publish","format-standard","has-post-thumbnail","hentry","category-cidade"],"_links":{"self":[{"href":"https:\/\/tvc16.com\/portal\/wp-json\/wp\/v2\/posts\/60304","targetHints":{"allow":["GET"]}}],"collection":[{"href":"https:\/\/tvc16.com\/portal\/wp-json\/wp\/v2\/posts"}],"about":[{"href":"https:\/\/tvc16.com\/portal\/wp-json\/wp\/v2\/types\/post"}],"author":[{"embeddable":true,"href":"https:\/\/tvc16.com\/portal\/wp-json\/wp\/v2\/users\/2"}],"replies":[{"embeddable":true,"href":"https:\/\/tvc16.com\/portal\/wp-json\/wp\/v2\/comments?post=60304"}],"version-history":[{"count":1,"href":"https:\/\/tvc16.com\/portal\/wp-json\/wp\/v2\/posts\/60304\/revisions"}],"predecessor-version":[{"id":60306,"href":"https:\/\/tvc16.com\/portal\/wp-json\/wp\/v2\/posts\/60304\/revisions\/60306"}],"wp:featuredmedia":[{"embeddable":true,"href":"https:\/\/tvc16.com\/portal\/wp-json\/wp\/v2\/media\/60305"}],"wp:attachment":[{"href":"https:\/\/tvc16.com\/portal\/wp-json\/wp\/v2\/media?parent=60304"}],"wp:term":[{"taxonomy":"category","embeddable":true,"href":"https:\/\/tvc16.com\/portal\/wp-json\/wp\/v2\/categories?post=60304"},{"taxonomy":"post_tag","embeddable":true,"href":"https:\/\/tvc16.com\/portal\/wp-json\/wp\/v2\/tags?post=60304"}],"curies":[{"name":"wp","href":"https:\/\/api.w.org\/{rel}","templated":true}]}}