{"id":60307,"date":"2023-05-29T13:00:45","date_gmt":"2023-05-29T16:00:45","guid":{"rendered":"https:\/\/tvc16.com\/portal\/?p=60307"},"modified":"2023-05-29T13:00:46","modified_gmt":"2023-05-29T16:00:46","slug":"7-curiosidades-sobre-a-casa-de-petropolis-instituto-de-cultura","status":"publish","type":"post","link":"https:\/\/tvc16.com\/portal\/2023\/05\/29\/7-curiosidades-sobre-a-casa-de-petropolis-instituto-de-cultura\/","title":{"rendered":"7 curiosidades sobre a Casa de Petr\u00f3polis Instituto de Cultura"},"content":{"rendered":"\n<p>Um dos pontos tur\u00edsticos mais emblem\u00e1ticos da cidade, a Casa de Petr\u00f3polis Instituto de Cultura \u00e9 repleta de hist\u00f3rias e curiosidades que atraem e encantam seus visitantes. De lendas que envolvem seus moradores \u00e0 arquitetura curiosa que j\u00e1 foi, inclusive, cen\u00e1rio de novelas, oic\u00f4nico casar\u00e3o do s\u00e9culo 19 mant\u00e9m sua decora\u00e7\u00e3o original preservada e \u00e9 aberto \u00e0 visita\u00e7\u00e3o, com exposi\u00e7\u00f5es e eventos que mant\u00eam suas salas vivas e vibrantes.\u00a0<\/p>\n\n\n\n<p>Sua constru\u00e7\u00e3o come\u00e7ou em 1879. Seu propriet\u00e1rio, Jos\u00e9 Tavares Guerra, que havia passado seus anos de estudo na Europa, idealizou sua resid\u00eancia unindo a beleza dos estilos europeus com as modernidades que come\u00e7avam a surgir no final do s\u00e9culo 19. A obra, conclu\u00edda em 1884, foi executada pelo alem\u00e3o Karl Spangenberger e feita com m\u00e3o de obra de imigrantes.\u00a0<\/p>\n\n\n\n<figure class=\"wp-block-image size-large\"><img loading=\"lazy\" decoding=\"async\" width=\"819\" height=\"1024\" src=\"https:\/\/tvc16.com\/portal\/wp-content\/uploads\/2023\/05\/7-Novelas-2-819x1024.png\" alt=\"\" class=\"wp-image-60309\" srcset=\"https:\/\/tvc16.com\/portal\/wp-content\/uploads\/2023\/05\/7-Novelas-2-819x1024.png 819w, https:\/\/tvc16.com\/portal\/wp-content\/uploads\/2023\/05\/7-Novelas-2-240x300.png 240w, https:\/\/tvc16.com\/portal\/wp-content\/uploads\/2023\/05\/7-Novelas-2-768x960.png 768w, https:\/\/tvc16.com\/portal\/wp-content\/uploads\/2023\/05\/7-Novelas-2.png 1080w\" sizes=\"auto, (max-width: 819px) 100vw, 819px\" \/><\/figure>\n\n\n\n<p>Fique agora com as curiosidades:&nbsp;<\/p>\n\n\n\n<p><strong>1.&nbsp;&nbsp;&nbsp;<\/strong><strong>Casa dos Sete Erros<\/strong><\/p>\n\n\n\n<p>A Casa de Petr\u00f3polis Instituto de Cultura j\u00e1 foi conhecida como Casa da Ipiranga, Mans\u00e3o Tavares Guerra e Casa Petr\u00f3polis. Mas o nome mais conhecido sem d\u00favida \u00e9 Casa dos Sete Erros, que surgiu por acaso,&nbsp;fruto de uma brincadeira que os cocheiros das antigas vit\u00f3rias faziam com os turistas ao passar pela casa. Devido a arquitetura assim\u00e9trica dos lados do casar\u00e3o, a proposta era desvendar quais as diferen\u00e7as existiam entre cada um deles.&nbsp;<\/p>\n\n\n\n<p>E essa brincadeira foi tomando grandes propor\u00e7\u00f5es, at\u00e9 que o im\u00f3vel ficasse conhecido como Casa dos Sete Erros.&nbsp; O casar\u00e3o \u00e9 um chal\u00e9 ecl\u00e9tico em estilo vitoriano e o uso extensivo de detalhes arquitet\u00f4nicos em madeira como balc\u00f5es, marquises e beirais conferem ao local atributos caracter\u00edsticos da casa de campo rom\u00e2ntica. Sua assimetria, projetada propositalmente, \u00e9 o que confere o charme e o motivo da brincadeira que acabou resultando no nome.&nbsp;<\/p>\n\n\n\n<p><strong>2.&nbsp;&nbsp;&nbsp;<\/strong><strong>Cocheira<\/strong><\/p>\n\n\n\n<p>Ao lado direito da edifica\u00e7\u00e3o principal foi constru\u00edda uma cocheira para os cavalos que eram utilizados pelos carros de cavalos da fam\u00edlia \u00e0 \u00e9poca. Entretanto, o espa\u00e7o transformou-se ao longo dos anos, em um verdadeiro ref\u00fagio gastron\u00f4mico: o charmoso restaurante Bordeaux Vinhos. Com uma localiza\u00e7\u00e3o privilegiada, seus visitantes desfrutam de uma vista \u00fanica para a imponente Casa de Petr\u00f3polis.&nbsp;<\/p>\n\n\n\n<p><strong>3.&nbsp;&nbsp;&nbsp;<\/strong><strong>Esp\u00edrito na sacada<\/strong><\/p>\n\n\n\n<p>Durante muito tempo a casa recebeu injustamente a alcunha de mal assombrada. E a hist\u00f3ria por tr\u00e1s desse t\u00edtulo \u00e9 mais uma das curiosidades que permeiam o local e remete at\u00e9 a um membro da fam\u00edlia: a Maria Lysia Tavares Guerra, filha mais nova de Jos\u00e9 Tavares Guerra.&nbsp;<\/p>\n\n\n\n<p>Respons\u00e1vel pela casa ter sido preservada em seu estilo original, a tia Loca, como era chamada, foi a \u00faltima a morar no local e faleceu em 1981. A hist\u00f3ria de o local ser mal assombrado surgiu porque muita gente que passava em frente \u00e0 Casa entre as d\u00e9cadas de 1960 e 1980, jurava ter visto o fantasma de uma mulher segurando uma vela no segundo andar. A mulher, de fato, estava l\u00e1: a tia Loca, mas estava viv\u00edssima.&nbsp;<\/p>\n\n\n\n<p><strong>4.&nbsp;&nbsp;&nbsp;<\/strong><strong>Ninfas nuas \u2013 melhor n\u00e3o!<\/strong><\/p>\n\n\n\n<p>O casar\u00e3o \u00e9 rico em detalhes, principalmente em seu interior, em que at\u00e9 as dobradi\u00e7as da porta s\u00e3o decoradas. Seus lustres franceses, espelhos de cristal belga, lareiras de m\u00e1rmore carrara d\u00e3o um toque irresist\u00edvel ao espa\u00e7o. E claro, suas mais de 200 pinturas murais por todos os c\u00f4modos completam seu estilo \u00fanico.&nbsp;<\/p>\n\n\n\n<p>E algumas dessas pinturas t\u00eam hist\u00f3rias curiosas. Em seu segundo andar, no alto da escada, havia duas ninfas que foram concebidas despidas. E elas ficaram assim at\u00e9 1887, quando Jos\u00e9 Tavares Guerra se casou com J\u00falia Fonseca Guimar\u00e3es, que n\u00e3o gostou nada nada daquelas ninfas nuas. Foi a\u00ed que eles encontraram um artista que criou um v\u00e9u sob elas, acabando com qualquer possibilidade de briga de casal por esse motivo. O v\u00e9u, no entanto, tornou as ninfas ainda mais sedutoras.&nbsp;<\/p>\n\n\n\n<p><strong>5.&nbsp;&nbsp;&nbsp;<\/strong><strong>Jardim de Glaziou<\/strong><\/p>\n\n\n\n<p>O jardim da Casa tamb\u00e9m foi preservado, mantendo o tra\u00e7ado original do renomado bot\u00e2nico e paisagista franc\u00eas Auguste Glaziou, o mesmo respons\u00e1vel pela reforma dos jardins da Quinta da Boa Vista e da resid\u00eancia do Bar\u00e3o de Nova Friburgo, por exemplo.&nbsp;<\/p>\n\n\n\n<p>Durante o Segundo Reinado no Brasil, havia uma preocupa\u00e7\u00e3o em criar uma identidade brasileira, e Glaziou desempenhou um papel crucial nesse projeto.&nbsp;<\/p>\n\n\n\n<p>Inspirado pelos jardins rom\u00e2nticos ingleses, Glaziou escolheu plantas brasileiras para compor seus projetos, sendo pioneiro ao utilizar a vegeta\u00e7\u00e3o tropical como ornamento, rompendo com a vis\u00e3o anterior de que a mesma era considerada selvagem ou mato.<\/p>\n\n\n\n<p><strong>6.&nbsp;&nbsp;&nbsp;<\/strong><strong>Luz El\u00e9trica<\/strong><\/p>\n\n\n\n<p>Ao voltar da Europa e trazer consigo elementos do velho continente, Jos\u00e9 Tavares Guerra decide construir uma resid\u00eancia que lembre a sua vida no exterior, propondo, assim, a Casa de Petr\u00f3polis. Nost\u00e1lgico,&nbsp;as&nbsp;pinturas do teto trazem cenas dos Alpes Su\u00ed\u00e7os, \u00c1frica, \u00cdndia, antiga Palestina, Egito e \u00c1frica, lugares visitados por ele ao longo da vida. E, sempre \u00e0 frente do seu tempo, foi o primeiro a levar luz el\u00e9trica ao munic\u00edpio de Petr\u00f3polis e tamb\u00e9m o primeiro a levar um rel\u00f3gio de torre para a cidade.&nbsp;<\/p>\n\n\n\n<p><strong>7.&nbsp;&nbsp;&nbsp;<\/strong><strong>Novelas<\/strong><\/p>\n\n\n\n<p>A beleza da mans\u00e3o tamb\u00e9m j\u00e1 serviu como cen\u00e1rio de novelas. Em Era Uma Vez, novela da TV Globo de 1998, ela era a casa de Pepe, interpretado pelo saudoso ator Elias Gleizer. E seu exterior aparecia com frequ\u00eancia nas externas do folhetim.&nbsp;<\/p>\n\n\n\n<p>Mais tarde, em Esplendor (2000), novela do final dos anos 1950, serviu como moradia do protagonista Frederico Berger, interpretado por Floriano Peixoto e seus tr\u00eas filhos. A trama, que se passa no Sul do Brasil, mostra a casa e seus detalhes exteriores tamb\u00e9m na abertura.&nbsp;<\/p>\n\n\n\n<p>Mas, a primeira vez que o espa\u00e7o serviu como cen\u00e1rio de uma novela foi em 1987, em Direito de Amar. A trama, ambientada no Rio de Janeiro do in\u00edcio do s\u00e9culo XX, contava com nomes como Gl\u00f3ria Pires, Lauro Corona, Carlos Vereza, entre outros.&nbsp;<\/p>\n","protected":false},"excerpt":{"rendered":"<p>Um dos pontos tur\u00edsticos mais emblem\u00e1ticos da cidade, a Casa de Petr\u00f3polis Instituto de Cultura<\/p>\n","protected":false},"author":2,"featured_media":60310,"comment_status":"open","ping_status":"open","sticky":false,"template":"","format":"standard","meta":{"footnotes":""},"categories":[12],"tags":[],"class_list":["post-60307","post","type-post","status-publish","format-standard","has-post-thumbnail","hentry","category-cidade"],"_links":{"self":[{"href":"https:\/\/tvc16.com\/portal\/wp-json\/wp\/v2\/posts\/60307","targetHints":{"allow":["GET"]}}],"collection":[{"href":"https:\/\/tvc16.com\/portal\/wp-json\/wp\/v2\/posts"}],"about":[{"href":"https:\/\/tvc16.com\/portal\/wp-json\/wp\/v2\/types\/post"}],"author":[{"embeddable":true,"href":"https:\/\/tvc16.com\/portal\/wp-json\/wp\/v2\/users\/2"}],"replies":[{"embeddable":true,"href":"https:\/\/tvc16.com\/portal\/wp-json\/wp\/v2\/comments?post=60307"}],"version-history":[{"count":1,"href":"https:\/\/tvc16.com\/portal\/wp-json\/wp\/v2\/posts\/60307\/revisions"}],"predecessor-version":[{"id":60312,"href":"https:\/\/tvc16.com\/portal\/wp-json\/wp\/v2\/posts\/60307\/revisions\/60312"}],"wp:featuredmedia":[{"embeddable":true,"href":"https:\/\/tvc16.com\/portal\/wp-json\/wp\/v2\/media\/60310"}],"wp:attachment":[{"href":"https:\/\/tvc16.com\/portal\/wp-json\/wp\/v2\/media?parent=60307"}],"wp:term":[{"taxonomy":"category","embeddable":true,"href":"https:\/\/tvc16.com\/portal\/wp-json\/wp\/v2\/categories?post=60307"},{"taxonomy":"post_tag","embeddable":true,"href":"https:\/\/tvc16.com\/portal\/wp-json\/wp\/v2\/tags?post=60307"}],"curies":[{"name":"wp","href":"https:\/\/api.w.org\/{rel}","templated":true}]}}