{"id":6032,"date":"2020-11-18T14:21:53","date_gmt":"2020-11-18T17:21:53","guid":{"rendered":"https:\/\/tvc16.com\/portal\/?p=6032"},"modified":"2020-11-18T14:21:56","modified_gmt":"2020-11-18T17:21:56","slug":"comdep-e-defesa-civil-ainda-atuam-na-limpeza-de-bairros-apos-chuva-da-ultima-segunda-feira","status":"publish","type":"post","link":"https:\/\/tvc16.com\/portal\/2020\/11\/18\/comdep-e-defesa-civil-ainda-atuam-na-limpeza-de-bairros-apos-chuva-da-ultima-segunda-feira\/","title":{"rendered":"Comdep e Defesa Civil ainda atuam na limpeza de bairros ap\u00f3s chuva da \u00faltima segunda-feira"},"content":{"rendered":"\n<p>Equipe da Comdep, da Secretaria de Servi\u00e7os e Ordem P\u00fablica (SSOP) e da Secretaria de Obras seguem trabalhando na limpeza e reconstru\u00e7\u00e3o dos locais atingidos pelas chuvas da \u00faltima segunda-feira (16\/11). Uma for\u00e7a tarefa foi montada para atuar, principalmente, em Pedro do Rio e regi\u00e3o, local mais afetado pela enxurrada.<\/p>\n\n\n\n<p><br>At\u00e9 o momento, a Defesa Civil \u2013 que tamb\u00e9m atua desde ent\u00e3o nos locais \u2013 registrou 20 ocorr\u00eancias em fun\u00e7\u00e3o das chuvas. E 11 casas est\u00e3o interditadas, sendo seis em Vila Rica e cinco em Pedro do Rio \u2013 dessas, cinco delas j\u00e1 haviam sido interditadas no ano passado, tamb\u00e9m em fun\u00e7\u00e3o das chuvas.<\/p>\n\n\n\n<p><br>Em Pedro do Rio, a Secretaria de Assist\u00eancia Social realizou o atendimento e o cadastro 16 fam\u00edlias, com 45 pessoas ontem (17). Mais quatro fam\u00edlias foram atendidas no Vila Rica, totalizando 25 pessoas. A secretaria fez a entrega de kits de limpeza e cestas b\u00e1sicas. Hoje (18), a equipe retornou ao local para a visita de mais quatro fam\u00edlias que tiveram suas resid\u00eancias inundadas. A recomenda\u00e7\u00e3o \u00e9 para que os moradores fiquem abrigados na casa de parentes ou amigos.<\/p>\n\n\n\n<p><br>Na segunda-feira, as ocorr\u00eancias mais graves foram registradas em Pedro do Rio e na regi\u00e3o do Vila Rica, com um grande volume de \u00e1gua atingindo alguns im\u00f3veis. Foram seis alagamentos registrados na localidade. T\u00e9cnicos da Defesa Civil e da Assist\u00eancia Social est\u00e3o desde a ocasi\u00e3o no local dando todo suporte \u00e0s fam\u00edlias. Ainda em Pedro do Rio, uma ponte foi comprometida com a velocidade da \u00e1gua.<\/p>\n\n\n\n<p><br>Al\u00e9m disso, em Itaipava uma cratera foi aberta na Av. Buganvile Ribeir\u00e3o Grande. As obras de reparo foram conclu\u00eddas na tarde de ontem (17) e a via j\u00e1 est\u00e1 liberada.<\/p>\n\n\n\n<p><br>Tamb\u00e9m foram observados pontos de alagamento na Rua Coronel Veiga, na Mosela, em Itaipava, Pedro do Rio e Vila Rica, al\u00e9m de quedas de \u00e1rvore na Castel\u00e2nea e no Vila Rica.<\/p>\n\n\n\n<p><br>Vale salientar que n\u00e3o houve protocolo para o acionamento de nenhuma sirene at\u00e9 o momento. E n\u00e3o houve feridos. O maior \u00edndice de chuva foi registrado na Duarte da Silveira: 32 mil\u00edmetros em 24 horas.<\/p>\n","protected":false},"excerpt":{"rendered":"<p>Equipe da Comdep, da Secretaria de Servi\u00e7os e Ordem P\u00fablica (SSOP) e da Secretaria de<\/p>\n","protected":false},"author":2,"featured_media":6033,"comment_status":"open","ping_status":"open","sticky":false,"template":"","format":"standard","meta":{"footnotes":""},"categories":[12],"tags":[],"class_list":["post-6032","post","type-post","status-publish","format-standard","has-post-thumbnail","hentry","category-cidade"],"_links":{"self":[{"href":"https:\/\/tvc16.com\/portal\/wp-json\/wp\/v2\/posts\/6032","targetHints":{"allow":["GET"]}}],"collection":[{"href":"https:\/\/tvc16.com\/portal\/wp-json\/wp\/v2\/posts"}],"about":[{"href":"https:\/\/tvc16.com\/portal\/wp-json\/wp\/v2\/types\/post"}],"author":[{"embeddable":true,"href":"https:\/\/tvc16.com\/portal\/wp-json\/wp\/v2\/users\/2"}],"replies":[{"embeddable":true,"href":"https:\/\/tvc16.com\/portal\/wp-json\/wp\/v2\/comments?post=6032"}],"version-history":[{"count":1,"href":"https:\/\/tvc16.com\/portal\/wp-json\/wp\/v2\/posts\/6032\/revisions"}],"predecessor-version":[{"id":6034,"href":"https:\/\/tvc16.com\/portal\/wp-json\/wp\/v2\/posts\/6032\/revisions\/6034"}],"wp:featuredmedia":[{"embeddable":true,"href":"https:\/\/tvc16.com\/portal\/wp-json\/wp\/v2\/media\/6033"}],"wp:attachment":[{"href":"https:\/\/tvc16.com\/portal\/wp-json\/wp\/v2\/media?parent=6032"}],"wp:term":[{"taxonomy":"category","embeddable":true,"href":"https:\/\/tvc16.com\/portal\/wp-json\/wp\/v2\/categories?post=6032"},{"taxonomy":"post_tag","embeddable":true,"href":"https:\/\/tvc16.com\/portal\/wp-json\/wp\/v2\/tags?post=6032"}],"curies":[{"name":"wp","href":"https:\/\/api.w.org\/{rel}","templated":true}]}}