{"id":60331,"date":"2023-05-29T14:48:15","date_gmt":"2023-05-29T17:48:15","guid":{"rendered":"https:\/\/tvc16.com\/portal\/?p=60331"},"modified":"2023-05-29T14:48:15","modified_gmt":"2023-05-29T17:48:15","slug":"bar-caculinha-na-rua-paulo-barbosa-e-demolido-e-transferido-para-o-terminal-centro","status":"publish","type":"post","link":"https:\/\/tvc16.com\/portal\/2023\/05\/29\/bar-caculinha-na-rua-paulo-barbosa-e-demolido-e-transferido-para-o-terminal-centro\/","title":{"rendered":"Bar Ca\u00e7ulinha, na Rua Paulo Barbosa, \u00e9 demolido e transferido para o Terminal Centro"},"content":{"rendered":"\n<p>Na tarde deste domingo (28), a Prefeitura de Petr\u00f3polis autorizou a demoli\u00e7\u00e3o do Bar Ca\u00e7ulinha, tradicional h\u00e1 muitos anos na Rua Paulo Barbosa, no Centro da cidade. O bar funcionava na cal\u00e7ada da rua, em um trecho da via que est\u00e1 sendo revitalizado. De acordo com a Prefeitura de Petr\u00f3polis, existe um projeto de revitaliza\u00e7\u00e3o total da Rua Paulo Barbosa, que tem o objetivo de aumentar a \u00e1rea circulante para os pedestres. A demoli\u00e7\u00e3o do Bar Ca\u00e7ulinha foi autorizada pela prefeitura e realizada por iniciativa privada que garante que as obras de revitaliza\u00e7\u00e3o do espa\u00e7o sejam realizadas de acordo com os \u00f3rg\u00e3os de preserva\u00e7\u00e3o e tombamento.<\/p>\n\n\n\n<figure class=\"wp-block-image size-large\"><img loading=\"lazy\" decoding=\"async\" width=\"1024\" height=\"768\" src=\"https:\/\/tvc16.com\/portal\/wp-content\/uploads\/2023\/05\/WhatsApp-Image-2023-05-29-at-13.19.58-1024x768.jpeg\" alt=\"\" class=\"wp-image-60333\" srcset=\"https:\/\/tvc16.com\/portal\/wp-content\/uploads\/2023\/05\/WhatsApp-Image-2023-05-29-at-13.19.58-1024x768.jpeg 1024w, https:\/\/tvc16.com\/portal\/wp-content\/uploads\/2023\/05\/WhatsApp-Image-2023-05-29-at-13.19.58-300x225.jpeg 300w, https:\/\/tvc16.com\/portal\/wp-content\/uploads\/2023\/05\/WhatsApp-Image-2023-05-29-at-13.19.58-768x576.jpeg 768w, https:\/\/tvc16.com\/portal\/wp-content\/uploads\/2023\/05\/WhatsApp-Image-2023-05-29-at-13.19.58-1536x1152.jpeg 1536w, https:\/\/tvc16.com\/portal\/wp-content\/uploads\/2023\/05\/WhatsApp-Image-2023-05-29-at-13.19.58-200x150.jpeg 200w, https:\/\/tvc16.com\/portal\/wp-content\/uploads\/2023\/05\/WhatsApp-Image-2023-05-29-at-13.19.58.jpeg 1600w\" sizes=\"auto, (max-width: 1024px) 100vw, 1024px\" \/><\/figure>\n\n\n\n<p>Nas ruas, as opini\u00f5es sobre a demoli\u00e7\u00e3o do espa\u00e7o, divergem. \u201cSe tratando de um projeto de revitaliza\u00e7\u00e3o tudo o que vem para melhorar, \u00e9 v\u00e1lido. A mudan\u00e7a de local, n\u00e3o vai fazer diferen\u00e7a porque o bar vai continuar aberto e em um lugar maior. Ent\u00e3o \u00e9 super v\u00e1lido&#8221;, disse o aposentado Edevaldo de Souza. \u201cEu n\u00e3o gostei da demoli\u00e7\u00e3o do bar. Ele \u00e9 super antigo e tradicional. J\u00e1 estou sentindo falta dele aqui. Todo mundo parava aqui e tinha sempre algu\u00e9m, o banheirinho da galera do \u00f4nibus e agora vamos ter que ir l\u00e1 do outro lado. J\u00e1 fazia parte da hist\u00f3ria de Petr\u00f3polis\u201d, disse o rodovi\u00e1rio Fernando Passos. \u201cEu achei a demoli\u00e7\u00e3o excelente. O espa\u00e7o ficou muito mais bonito e limpo\u201d, disse o aposentado Nelson Schimit.<\/p>\n\n\n\n<p>De acordo com o Governo Municipal, a autoriza\u00e7\u00e3o para a demoli\u00e7\u00e3o s\u00f3 foi poss\u00edvel pois o munic\u00edpio, por meio da CPTrans, garantiu ao comerciante um novo espa\u00e7o, com melhores condi\u00e7\u00f5es e \u00e1rea de trabalho, na Esta\u00e7\u00e3o Rodovi\u00e1ria Imperatriz Leopoldina, o Terminal do Centro. O Bar Ca\u00e7ulinha j\u00e1 est\u00e1 funcionando no novo local e o comerciante, Dirceu Pereira de Souza, o famoso Ca\u00e7ulinha, afetado pela remo\u00e7\u00e3o do antigo estabelecimento, recebeu um novo espa\u00e7o, com instala\u00e7\u00f5es maiores e infraestrutura adequada.<\/p>\n\n\n\n<p>A revitaliza\u00e7\u00e3o da Rua Paulo Barbosa, \u00e9 um projeto antigo que envolve iniciativa p\u00fablica e privada. O projeto foi desenvolvido pelo arquiteto Rodrigo Sim\u00e3o, no ano de 2019, que prev\u00ea principalmente a duplica\u00e7\u00e3o das cal\u00e7adas e o aterramento dos fios. A demoli\u00e7\u00e3o do bar do ca\u00e7ulinha foi bancada pela fam\u00edlia Sim\u00e3o, propriet\u00e1ria do im\u00f3vel que fica naquele trecho, mas n\u00e3o garante a revitaliza\u00e7\u00e3o de toda a rua. De acordo com o arquiteto, \u00e9 necess\u00e1ria a aprova\u00e7\u00e3o de todos os propriet\u00e1rios da via, para que o projeto tenha continuidade. A Prefeitura de Petr\u00f3polis, mesmo informando que o projeto de revitaliza\u00e7\u00e3o est\u00e1 em andamento, n\u00e3o deu prazos sobre quando ou como a revitaliza\u00e7\u00e3o ter\u00e1 continuidade.<\/p>\n\n\n\n<p>Outro ponto, \u00e9 o abrigo de \u00f4nibus executivos das linhas da empresa Turp que ficam no mesmo trecho da cal\u00e7ada. De acordo com o projeto desenvolvido pelo arquiteto, outro ponto de \u00f4nibus ser\u00e1 instalado no mesmo local, mas por enquanto, os passageiros est\u00e3o sem abrigo. A segunda-feira amanheceu chuvosa em Petr\u00f3polis e os passageiros, precisaram se abrigar no ponto de \u00f4nibus da linha 600, Terminal Corr\u00eaas, enquanto aguardavam os executivos.<\/p>\n\n\n\n<p>A nossa equipe procurou a Prefeitura de Petr\u00f3polis para saber sobre o andamento do projeto de revitaliza\u00e7\u00e3o, mas at\u00e9 o fechamento desta edi\u00e7\u00e3o n\u00e3o obtivemos retorno.<\/p>\n\n\n\n<p>texto e fotos por Raphaela Cordeiro<\/p>\n","protected":false},"excerpt":{"rendered":"<p>Na tarde deste domingo (28), a Prefeitura de Petr\u00f3polis autorizou a demoli\u00e7\u00e3o do Bar Ca\u00e7ulinha,<\/p>\n","protected":false},"author":2,"featured_media":60332,"comment_status":"open","ping_status":"open","sticky":false,"template":"","format":"standard","meta":{"footnotes":""},"categories":[12],"tags":[],"class_list":["post-60331","post","type-post","status-publish","format-standard","has-post-thumbnail","hentry","category-cidade"],"_links":{"self":[{"href":"https:\/\/tvc16.com\/portal\/wp-json\/wp\/v2\/posts\/60331","targetHints":{"allow":["GET"]}}],"collection":[{"href":"https:\/\/tvc16.com\/portal\/wp-json\/wp\/v2\/posts"}],"about":[{"href":"https:\/\/tvc16.com\/portal\/wp-json\/wp\/v2\/types\/post"}],"author":[{"embeddable":true,"href":"https:\/\/tvc16.com\/portal\/wp-json\/wp\/v2\/users\/2"}],"replies":[{"embeddable":true,"href":"https:\/\/tvc16.com\/portal\/wp-json\/wp\/v2\/comments?post=60331"}],"version-history":[{"count":1,"href":"https:\/\/tvc16.com\/portal\/wp-json\/wp\/v2\/posts\/60331\/revisions"}],"predecessor-version":[{"id":60334,"href":"https:\/\/tvc16.com\/portal\/wp-json\/wp\/v2\/posts\/60331\/revisions\/60334"}],"wp:featuredmedia":[{"embeddable":true,"href":"https:\/\/tvc16.com\/portal\/wp-json\/wp\/v2\/media\/60332"}],"wp:attachment":[{"href":"https:\/\/tvc16.com\/portal\/wp-json\/wp\/v2\/media?parent=60331"}],"wp:term":[{"taxonomy":"category","embeddable":true,"href":"https:\/\/tvc16.com\/portal\/wp-json\/wp\/v2\/categories?post=60331"},{"taxonomy":"post_tag","embeddable":true,"href":"https:\/\/tvc16.com\/portal\/wp-json\/wp\/v2\/tags?post=60331"}],"curies":[{"name":"wp","href":"https:\/\/api.w.org\/{rel}","templated":true}]}}