{"id":60335,"date":"2023-05-29T15:45:35","date_gmt":"2023-05-29T18:45:35","guid":{"rendered":"https:\/\/tvc16.com\/portal\/?p=60335"},"modified":"2023-05-29T15:45:36","modified_gmt":"2023-05-29T18:45:36","slug":"mprj-realiza-exames-de-dna-para-comprovacao-de-paternidade-na-campanha-dia-d-em-teresopolis","status":"publish","type":"post","link":"https:\/\/tvc16.com\/portal\/2023\/05\/29\/mprj-realiza-exames-de-dna-para-comprovacao-de-paternidade-na-campanha-dia-d-em-teresopolis\/","title":{"rendered":"MPRJ realiza exames de DNA para comprova\u00e7\u00e3o de paternidade na campanha \u201cDIA D\u201d em Teres\u00f3polis"},"content":{"rendered":"\n<p>O Minist\u00e9rio P\u00fablico do Estado do Rio de Janeiro (MPRJ), por meio do Centro de Apoio Operacional das Promotorias de Justi\u00e7a C\u00edveis e Pessoa com Defici\u00eancia (CAO C\u00edvel PDef\/MPRJ), promoveu em Teres\u00f3polis a campanha \u201cDia D\u201d, no dia 22\/05, com o objetivo de coletar material biol\u00f3gico para a realiza\u00e7\u00e3o exames de DNA. A campanha \u00e9 feita pela Central DNA do CAO C\u00edvel PDef\/MPRJ, com o objetivo de combater o sub-registro paterno, sendo uma a\u00e7\u00e3o essencial desempenhada pelo MPRJ na luta pela garantia de direitos.<\/p>\n\n\n\n<p>No Centro Regional de Apoio Administrativo Institucional (CRAAI) Teres\u00f3polis, foram recebidas 51 pessoas das 63 agendadas, o que resulta numa taxa de comparecimento de 80%. Foram gerados 15 laudos de paternidade a serem elaborados pelo Laborat\u00f3rio de Diagn\u00f3sticos por DNA da Universidade do Estado do Rio de Janeiro (UERJ), h\u00e1 anos parceira do projeto. Para a coordenadora do CRAAI Teres\u00f3polis, promotora de Justi\u00e7a Fab\u00edola Tardin, a iniciativa permite &#8220;a redu\u00e7\u00e3o da judicializa\u00e7\u00e3o de a\u00e7\u00f5es de investiga\u00e7\u00e3o de paternidade, incrementando a tend\u00eancia da consensualidade e dignifica a crian\u00e7a e\/ou adolescente eventualmente reconhecidos, por conferir sentimento de pertencimento familiar e cidadania&#8221;.<\/p>\n\n\n\n<p>O exame de DNA \u00e9 feito de forma praticamente indolor, por meio de uma simples picada no dedo, como num teste de glicose. Ap\u00f3s cerca de 40 dias, o laudo contendo o resultado do teste \u00e9 entregue \u00e0 Promotoria de Justi\u00e7a solicitante, comprovando ou n\u00e3o a paternidade investigada. Mesmo o laudo negativo em exames de DNA tamb\u00e9m \u00e9 \u00fatil, na medida em que faz com que a investiga\u00e7\u00e3o de paternidade seja direcionada para outro suposto genitor. A Central DNA existe h\u00e1 11 anos, tendo sido criada no \u00e2mbito do MPRJ, a partir da publica\u00e7\u00e3o da Resolu\u00e7\u00e3o GPGJ n\u00ba 1624\/2010.<\/p>\n\n\n\n<p>Por MPRJ<\/p>\n","protected":false},"excerpt":{"rendered":"<p>O Minist\u00e9rio P\u00fablico do Estado do Rio de Janeiro (MPRJ), por meio do Centro de<\/p>\n","protected":false},"author":2,"featured_media":60336,"comment_status":"open","ping_status":"open","sticky":false,"template":"","format":"standard","meta":{"footnotes":""},"categories":[17],"tags":[],"class_list":["post-60335","post","type-post","status-publish","format-standard","has-post-thumbnail","hentry","category-outras-noticias"],"_links":{"self":[{"href":"https:\/\/tvc16.com\/portal\/wp-json\/wp\/v2\/posts\/60335","targetHints":{"allow":["GET"]}}],"collection":[{"href":"https:\/\/tvc16.com\/portal\/wp-json\/wp\/v2\/posts"}],"about":[{"href":"https:\/\/tvc16.com\/portal\/wp-json\/wp\/v2\/types\/post"}],"author":[{"embeddable":true,"href":"https:\/\/tvc16.com\/portal\/wp-json\/wp\/v2\/users\/2"}],"replies":[{"embeddable":true,"href":"https:\/\/tvc16.com\/portal\/wp-json\/wp\/v2\/comments?post=60335"}],"version-history":[{"count":1,"href":"https:\/\/tvc16.com\/portal\/wp-json\/wp\/v2\/posts\/60335\/revisions"}],"predecessor-version":[{"id":60337,"href":"https:\/\/tvc16.com\/portal\/wp-json\/wp\/v2\/posts\/60335\/revisions\/60337"}],"wp:featuredmedia":[{"embeddable":true,"href":"https:\/\/tvc16.com\/portal\/wp-json\/wp\/v2\/media\/60336"}],"wp:attachment":[{"href":"https:\/\/tvc16.com\/portal\/wp-json\/wp\/v2\/media?parent=60335"}],"wp:term":[{"taxonomy":"category","embeddable":true,"href":"https:\/\/tvc16.com\/portal\/wp-json\/wp\/v2\/categories?post=60335"},{"taxonomy":"post_tag","embeddable":true,"href":"https:\/\/tvc16.com\/portal\/wp-json\/wp\/v2\/tags?post=60335"}],"curies":[{"name":"wp","href":"https:\/\/api.w.org\/{rel}","templated":true}]}}