{"id":60338,"date":"2023-05-29T16:20:56","date_gmt":"2023-05-29T19:20:56","guid":{"rendered":"https:\/\/tvc16.com\/portal\/?p=60338"},"modified":"2023-05-29T16:20:57","modified_gmt":"2023-05-29T19:20:57","slug":"carros-das-viacoes-turp-e-cidade-das-hortensias-entraram-em-operacao-nas-linhas-do-roseiral","status":"publish","type":"post","link":"https:\/\/tvc16.com\/portal\/2023\/05\/29\/carros-das-viacoes-turp-e-cidade-das-hortensias-entraram-em-operacao-nas-linhas-do-roseiral\/","title":{"rendered":"Carros das via\u00e7\u00f5es Turp e Cidade das Hort\u00eansias entraram em opera\u00e7\u00e3o nas linhas do Roseiral"},"content":{"rendered":"\n<p>Quatro \u00f4nibus entraram em opera\u00e7\u00e3o na Via\u00e7\u00e3o Cascatinha nesta segunda-feira (29). Dois s\u00e3o carros pr\u00f3prios da empresa e outros dois s\u00e3o ve\u00edculos emprestados das via\u00e7\u00f5es Turp e Cidade das Hort\u00eansias (entraram em opera\u00e7\u00e3o nas linhas do Roseiral). Com isso, dos 28 carros da Cascatinha perdidos no inc\u00eandio, 27 j\u00e1 foram repostos.<\/p>\n\n\n\n<p>At\u00e9 o momento, dos 48 ve\u00edculos perdidos no inc\u00eandio, 30 foram repostos pelas empresas. A Prefeitura de Petr\u00f3polis informou, que continua cobrando das empresas de \u00f4nibus agilidade na reposi\u00e7\u00e3o da frota para garantir o atendimento aos passageiros.<\/p>\n\n\n\n<figure class=\"wp-block-image size-large\"><img loading=\"lazy\" decoding=\"async\" width=\"1024\" height=\"571\" src=\"https:\/\/tvc16.com\/portal\/wp-content\/uploads\/2023\/05\/WhatsApp-Image-2023-05-29-at-16.18.57-1024x571.jpeg\" alt=\"\" class=\"wp-image-60340\" srcset=\"https:\/\/tvc16.com\/portal\/wp-content\/uploads\/2023\/05\/WhatsApp-Image-2023-05-29-at-16.18.57-1024x571.jpeg 1024w, https:\/\/tvc16.com\/portal\/wp-content\/uploads\/2023\/05\/WhatsApp-Image-2023-05-29-at-16.18.57-300x167.jpeg 300w, https:\/\/tvc16.com\/portal\/wp-content\/uploads\/2023\/05\/WhatsApp-Image-2023-05-29-at-16.18.57-768x428.jpeg 768w, https:\/\/tvc16.com\/portal\/wp-content\/uploads\/2023\/05\/WhatsApp-Image-2023-05-29-at-16.18.57-1536x856.jpeg 1536w, https:\/\/tvc16.com\/portal\/wp-content\/uploads\/2023\/05\/WhatsApp-Image-2023-05-29-at-16.18.57.jpeg 1580w\" sizes=\"auto, (max-width: 1024px) 100vw, 1024px\" \/><\/figure>\n\n\n\n<p>Foto: TVC<\/p>\n","protected":false},"excerpt":{"rendered":"<p>Quatro \u00f4nibus entraram em opera\u00e7\u00e3o na Via\u00e7\u00e3o Cascatinha nesta segunda-feira (29). Dois s\u00e3o carros pr\u00f3prios<\/p>\n","protected":false},"author":2,"featured_media":60341,"comment_status":"open","ping_status":"open","sticky":false,"template":"","format":"standard","meta":{"footnotes":""},"categories":[12],"tags":[],"class_list":["post-60338","post","type-post","status-publish","format-standard","has-post-thumbnail","hentry","category-cidade"],"_links":{"self":[{"href":"https:\/\/tvc16.com\/portal\/wp-json\/wp\/v2\/posts\/60338","targetHints":{"allow":["GET"]}}],"collection":[{"href":"https:\/\/tvc16.com\/portal\/wp-json\/wp\/v2\/posts"}],"about":[{"href":"https:\/\/tvc16.com\/portal\/wp-json\/wp\/v2\/types\/post"}],"author":[{"embeddable":true,"href":"https:\/\/tvc16.com\/portal\/wp-json\/wp\/v2\/users\/2"}],"replies":[{"embeddable":true,"href":"https:\/\/tvc16.com\/portal\/wp-json\/wp\/v2\/comments?post=60338"}],"version-history":[{"count":1,"href":"https:\/\/tvc16.com\/portal\/wp-json\/wp\/v2\/posts\/60338\/revisions"}],"predecessor-version":[{"id":60342,"href":"https:\/\/tvc16.com\/portal\/wp-json\/wp\/v2\/posts\/60338\/revisions\/60342"}],"wp:featuredmedia":[{"embeddable":true,"href":"https:\/\/tvc16.com\/portal\/wp-json\/wp\/v2\/media\/60341"}],"wp:attachment":[{"href":"https:\/\/tvc16.com\/portal\/wp-json\/wp\/v2\/media?parent=60338"}],"wp:term":[{"taxonomy":"category","embeddable":true,"href":"https:\/\/tvc16.com\/portal\/wp-json\/wp\/v2\/categories?post=60338"},{"taxonomy":"post_tag","embeddable":true,"href":"https:\/\/tvc16.com\/portal\/wp-json\/wp\/v2\/tags?post=60338"}],"curies":[{"name":"wp","href":"https:\/\/api.w.org\/{rel}","templated":true}]}}