{"id":60362,"date":"2023-05-30T07:00:57","date_gmt":"2023-05-30T10:00:57","guid":{"rendered":"https:\/\/tvc16.com\/portal\/?p=60362"},"modified":"2023-05-30T07:00:58","modified_gmt":"2023-05-30T10:00:58","slug":"mprj-realiza-evento-sobre-protecao-de-dados","status":"publish","type":"post","link":"https:\/\/tvc16.com\/portal\/2023\/05\/30\/mprj-realiza-evento-sobre-protecao-de-dados\/","title":{"rendered":"MPRJ realiza evento sobre prote\u00e7\u00e3o de dados\u00a0"},"content":{"rendered":"\n<p>O Minist\u00e9rio P\u00fablico do Estado do Rio de Janeiro (MPRJ), por meio do Instituto de Educa\u00e7\u00e3o Roberto Bernardes Barroso (IERBB\/MPRJ), realiza, nesta ter\u00e7a-feira (30), o evento \u201cO Minist\u00e9rio P\u00fablico e a Prote\u00e7\u00e3o de Dados como Direito Fundamental\u201d, que ser\u00e1 realizado a partir das 8h45 no audit\u00f3rio principal do edif\u00edcio-sede da institui\u00e7\u00e3o, localizado na Avenida Marechal C\u00e2mara, 370, no Centro da capital. As inscri\u00e7\u00f5es, limitadas a 300 vagas, podem ser realizadas pelo site\u00a0https:\/\/ierbb.mprj.mp.br\/.<\/p>\n\n\n\n<p>Estar\u00e3o presentes os encarregados de Dados do Conselho Nacional do Minist\u00e9rio P\u00fablico, do Minist\u00e9rio P\u00fablico Federal, de todas as unidades do Minist\u00e9rio P\u00fablico do pa\u00eds e do Minist\u00e9rio P\u00fablico do Trabalho. Na ocasi\u00e3o, ser\u00e1 fundado o Col\u00e9gio dos Encarregados pelo Tratamento de Dados Pessoais do MP (CEDAMP).<\/p>\n\n\n\n<p>A mesa de abertura contar\u00e1 com as participa\u00e7\u00f5es do Encarregado de Dados do MPRJ, procurador de Justi\u00e7a Guilherme Magalh\u00e3es Martins, do Encarregado de Dados do Minist\u00e9rio P\u00fablico do Estado de Santa Catarina (MPSC), promotor de Justi\u00e7a Carlos Renato Silvy Teive, e da subprocuradora-geral de Justi\u00e7a de Planejamento e Pol\u00edticas Institucionais, Edil\u00e9a Gon\u00e7alves dos Santos Cesario.<\/p>\n\n\n\n<p>A partir das 9h, a professora de Direito da PUC-Rio e conselheira suplente do Conselho Nacional de Prote\u00e7\u00e3o de dados e da Privacidade (CNPD), Caitlin Mulholland, fala sobre o tema \u201cDados e Danos: Perspectivas sobre os Incidentes de Seguran\u00e7a e San\u00e7\u00f5es\u201d. Logo depois, \u00e9 a vez do l\u00edder de projetos do Laborat\u00f3rio de Inova\u00e7\u00e3o do MPRJ (INOVA\/MPRJ), Leonardo Santanna, ministrar a palestra \u201cProjetos do INOVA\/MPRJ e a Prote\u00e7\u00e3o de Dados Pessoais\u201d.&nbsp;<\/p>\n\n\n\n<p>A seguir, a procuradora municipal de Porto Alegre, Daniela Cravo, fala sobre \u201cDi\u00e1logos entre a LAI e a LGPD\u201d, seguida pela doutora em Comunica\u00e7\u00e3o e diretora da Autoridade Nacional de Prote\u00e7\u00e3o de Dados (ANPD), Miriam Wimmer, que fala sobre \u201cCompartilhamento de dados pelo Poder P\u00fablico\u201d. \u00c0s 11h, o doutor em Direito e conselheiro titular do CNPD, Fabiano Menke, palestra sobre o tema \u201cAutodetermina\u00e7\u00e3o Informativa na LGPD\u201d, seguido pelo doutor em Direito Bruno Miragem, que fala sobre a \u201cResponsabilidade Civil dos Agentes de Tratamento\u201d.&nbsp;<\/p>\n\n\n\n<p>A partir das 14h, o p\u00f3s-doutor em Direito Nicolo Zingales, fala sobre \u201cPrivacidade Mental\u201d, sendo seguido pelo mestre em Direito e fundador do Instituto de Direito e Tecnologia (IDTEC), Gilberto Martins de Almeida, que palestra sobre o tema \u201cInvestiga\u00e7\u00e3o de Infra\u00e7\u00f5es Penais e Prote\u00e7\u00e3o de Dados Pessoais: Medidas Proporcionais\u201d. &nbsp;<\/p>\n\n\n\n<p>O mestre em Direito e membro da Comiss\u00e3o de juristas respons\u00e1vel por subsidiar a elabora\u00e7\u00e3o de substitutivo sobre intelig\u00eancia artificial no Brasil (CJSUBIA), Filipe Medon, fala sobre o tema \u201cRepercuss\u00f5es da Intelig\u00eancia Artificial na Prote\u00e7\u00e3o de Dados Pessoais\u201d, enquanto o mestre em Direito Christian Perrone palestra sobre \u201cProte\u00e7\u00e3o e Utiliza\u00e7\u00e3o de Dados Pessoais: Estrat\u00e9gias para Convergir Direitos e Inova\u00e7\u00e3o\u201d.&nbsp;<\/p>\n\n\n\n<p>Por fim, o promotor de Justi\u00e7a do Minist\u00e9rio P\u00fablico do Estado de Minas Gerais (MPMG), Fernando Rodrigues Martins, faz a palestra \u201cTutela Coletiva, Biometria Facial e Assinatura Digital\u201d, e o representante do Senado no CNPD, Fabr\u00edcio da Mota Alves, fala sobre o tema \u201cPossibilidades de Atua\u00e7\u00e3o do Minist\u00e9rio P\u00fablico para a Garantia do Direito Fundamental \u00e0 Prote\u00e7\u00e3o de Dados Pessoais\u201d.<\/p>\n","protected":false},"excerpt":{"rendered":"<p>O Minist\u00e9rio P\u00fablico do Estado do Rio de Janeiro (MPRJ), por meio do Instituto de<\/p>\n","protected":false},"author":2,"featured_media":60363,"comment_status":"open","ping_status":"open","sticky":false,"template":"","format":"standard","meta":{"footnotes":""},"categories":[17],"tags":[],"class_list":["post-60362","post","type-post","status-publish","format-standard","has-post-thumbnail","hentry","category-outras-noticias"],"_links":{"self":[{"href":"https:\/\/tvc16.com\/portal\/wp-json\/wp\/v2\/posts\/60362","targetHints":{"allow":["GET"]}}],"collection":[{"href":"https:\/\/tvc16.com\/portal\/wp-json\/wp\/v2\/posts"}],"about":[{"href":"https:\/\/tvc16.com\/portal\/wp-json\/wp\/v2\/types\/post"}],"author":[{"embeddable":true,"href":"https:\/\/tvc16.com\/portal\/wp-json\/wp\/v2\/users\/2"}],"replies":[{"embeddable":true,"href":"https:\/\/tvc16.com\/portal\/wp-json\/wp\/v2\/comments?post=60362"}],"version-history":[{"count":1,"href":"https:\/\/tvc16.com\/portal\/wp-json\/wp\/v2\/posts\/60362\/revisions"}],"predecessor-version":[{"id":60364,"href":"https:\/\/tvc16.com\/portal\/wp-json\/wp\/v2\/posts\/60362\/revisions\/60364"}],"wp:featuredmedia":[{"embeddable":true,"href":"https:\/\/tvc16.com\/portal\/wp-json\/wp\/v2\/media\/60363"}],"wp:attachment":[{"href":"https:\/\/tvc16.com\/portal\/wp-json\/wp\/v2\/media?parent=60362"}],"wp:term":[{"taxonomy":"category","embeddable":true,"href":"https:\/\/tvc16.com\/portal\/wp-json\/wp\/v2\/categories?post=60362"},{"taxonomy":"post_tag","embeddable":true,"href":"https:\/\/tvc16.com\/portal\/wp-json\/wp\/v2\/tags?post=60362"}],"curies":[{"name":"wp","href":"https:\/\/api.w.org\/{rel}","templated":true}]}}