{"id":60368,"date":"2023-05-30T07:21:48","date_gmt":"2023-05-30T10:21:48","guid":{"rendered":"https:\/\/tvc16.com\/portal\/?p=60368"},"modified":"2023-05-30T07:21:49","modified_gmt":"2023-05-30T10:21:49","slug":"nova-friburgo-esta-com-inscricoes-abertas-para-assistentes-de-alfabetizacao-voluntarios-ate-esta-quinta-feira","status":"publish","type":"post","link":"https:\/\/tvc16.com\/portal\/2023\/05\/30\/nova-friburgo-esta-com-inscricoes-abertas-para-assistentes-de-alfabetizacao-voluntarios-ate-esta-quinta-feira\/","title":{"rendered":"Nova Friburgo est\u00e1 com inscri\u00e7\u00f5es abertas para Assistentes de Alfabetiza\u00e7\u00e3o Volunt\u00e1rios at\u00e9 esta quinta-feira"},"content":{"rendered":"\n<p>A Secretaria Municipal de Educa\u00e7\u00e3o de Nova Friburgo, lan\u00e7ou novo edital do Processo Seletivo Simplificado para Assistentes de Alfabetiza\u00e7\u00e3o Volunt\u00e1rios que poder\u00e3o atuar no Programa Tempo de Aprender. <\/p>\n\n\n\n<p>O Programa Tempo de Aprender segue as determina\u00e7\u00f5es da Lei de Diretrizes e Bases da Educa\u00e7\u00e3o Nacional e Base Nacional Comum Curricular, tendo como meta \u00e0 aprendizagem, com o pleno dom\u00ednio da leitura, da escrita e do c\u00e1lculo, melhorando a qualidade do ensino e fortalecendo a\u00e7\u00f5es pedag\u00f3gicas no \u00e2mbito da alfabetiza\u00e7\u00e3o dos estudantes matriculados no 1\u00b0 e 2\u00b0 anos do Ensino Fundamental.<\/p>\n\n\n\n<p>De acordo com o decreto municipal n\u00b0 2.165, o assistente de alfabetiza\u00e7\u00e3o atuar\u00e1 no apoio ao professor alfabetizador nas atividades estabelecidas e planejadas por ele, acompanhando o desempenho escolar dos alunos, elaborando relat\u00f3rio dos conte\u00fados e atividades relacionadas mensalmente, cumprindo com responsabilidade e pontualidade de suas obriga\u00e7\u00f5es junto ao programa, al\u00e9m de realizar as forma\u00e7\u00f5es indicadas pelo MEC, entre outras atribui\u00e7\u00f5es. O Assistente de Alfabetiza\u00e7\u00e3o poder\u00e1 atuar em dois tipos de unidades escolares, ou seja, vulner\u00e1veis (per\u00edodo de 10 horas) ou n\u00e3o vulner\u00e1veis (per\u00edodo de 5 horas).<\/p>\n\n\n\n<p>Poder\u00e3o participar do Processo Seletivo, professores alfabetizadores e demais profissionais de outras redes escolares com disponibilidade de carga hor\u00e1ria, graduados e estudantes de gradua\u00e7\u00e3o em curso de Licenciatura em Pedagogia ou Letras e professores portadores de curso de magist\u00e9rio em n\u00edvel m\u00e9dio e p\u00f3s-m\u00e9dio. A quantidade de Assistentes de Alfabetiza\u00e7\u00e3o ser\u00e1 correspondente ao n\u00famero de turmas do ensino fundamental dos anos inicias, inseridas no programa Tempo de Aprender.<\/p>\n\n\n\n<p>As inscri\u00e7\u00f5es do Processo Seletivo Simplificado para Assistentes de Alfabetiza\u00e7\u00e3o Volunt\u00e1rios acontecem at\u00e9 o dia 01 de junho e est\u00e3o sendo realizadas por meio do preenchimento completo do formul\u00e1rio digital. O link do formul\u00e1rio, bem como as informa\u00e7\u00f5es necess\u00e1rias, est\u00e3o disponibilizados no portal da Prefeitura.<\/p>\n","protected":false},"excerpt":{"rendered":"<p>A Secretaria Municipal de Educa\u00e7\u00e3o de Nova Friburgo, lan\u00e7ou novo edital do Processo Seletivo Simplificado<\/p>\n","protected":false},"author":2,"featured_media":60369,"comment_status":"open","ping_status":"open","sticky":false,"template":"","format":"standard","meta":{"footnotes":""},"categories":[17],"tags":[],"class_list":["post-60368","post","type-post","status-publish","format-standard","has-post-thumbnail","hentry","category-outras-noticias"],"_links":{"self":[{"href":"https:\/\/tvc16.com\/portal\/wp-json\/wp\/v2\/posts\/60368","targetHints":{"allow":["GET"]}}],"collection":[{"href":"https:\/\/tvc16.com\/portal\/wp-json\/wp\/v2\/posts"}],"about":[{"href":"https:\/\/tvc16.com\/portal\/wp-json\/wp\/v2\/types\/post"}],"author":[{"embeddable":true,"href":"https:\/\/tvc16.com\/portal\/wp-json\/wp\/v2\/users\/2"}],"replies":[{"embeddable":true,"href":"https:\/\/tvc16.com\/portal\/wp-json\/wp\/v2\/comments?post=60368"}],"version-history":[{"count":1,"href":"https:\/\/tvc16.com\/portal\/wp-json\/wp\/v2\/posts\/60368\/revisions"}],"predecessor-version":[{"id":60370,"href":"https:\/\/tvc16.com\/portal\/wp-json\/wp\/v2\/posts\/60368\/revisions\/60370"}],"wp:featuredmedia":[{"embeddable":true,"href":"https:\/\/tvc16.com\/portal\/wp-json\/wp\/v2\/media\/60369"}],"wp:attachment":[{"href":"https:\/\/tvc16.com\/portal\/wp-json\/wp\/v2\/media?parent=60368"}],"wp:term":[{"taxonomy":"category","embeddable":true,"href":"https:\/\/tvc16.com\/portal\/wp-json\/wp\/v2\/categories?post=60368"},{"taxonomy":"post_tag","embeddable":true,"href":"https:\/\/tvc16.com\/portal\/wp-json\/wp\/v2\/tags?post=60368"}],"curies":[{"name":"wp","href":"https:\/\/api.w.org\/{rel}","templated":true}]}}