{"id":60371,"date":"2023-05-30T07:39:00","date_gmt":"2023-05-30T10:39:00","guid":{"rendered":"https:\/\/tvc16.com\/portal\/?p=60371"},"modified":"2023-05-30T07:39:02","modified_gmt":"2023-05-30T10:39:02","slug":"paty-do-alferes-promove-encontro-com-classe-artistica","status":"publish","type":"post","link":"https:\/\/tvc16.com\/portal\/2023\/05\/30\/paty-do-alferes-promove-encontro-com-classe-artistica\/","title":{"rendered":"Paty do Alferes promove encontro com classe art\u00edstica"},"content":{"rendered":"\n<p>A Secretaria Municipal de Cultura e Economia Criativa de Paty do Alferes e o Conselho de Cultura ir\u00e1 realizar um di\u00e1logo com a classe art\u00edstica, no dia 01 de junho, \u00e0s 17h, no Centro Cultural.<\/p>\n\n\n\n<p>O encontro tem o objetivo de levar conhecimento sobre a Lei Paulo Gustavo e manter uma aproxima\u00e7\u00e3o com os seguimentos art\u00edsticos e culturais de Paty do Alferes. A partir das sugest\u00f5es colhidas, ser\u00e3o definidas a distribui\u00e7\u00e3o do recurso diante das demandas dos fazedores de arte <a><\/a>e cultura, mediante editais, chamamentos p\u00fablicos, pr\u00eamios ou outras formas de sele\u00e7\u00e3o p\u00fablica.<\/p>\n\n\n\n<p>O encontro ser\u00e1 no Centro Cultural, localizado na Pra\u00e7a Manoel Congo, s\/n, Rua Ver. Caio Figueira Vasconcelos, 22, no Centro de Paty do Alferes.<\/p>\n\n\n\n<p>Mais informa\u00e7\u00f5es, com contato com a Secretaria Municipal de Cultura e Economia Criativa de Paty do Alferes: (24) 98167-0088. Venha participar!<\/p>\n","protected":false},"excerpt":{"rendered":"<p>A Secretaria Municipal de Cultura e Economia Criativa de Paty do Alferes e o Conselho<\/p>\n","protected":false},"author":2,"featured_media":60372,"comment_status":"open","ping_status":"open","sticky":false,"template":"","format":"standard","meta":{"footnotes":""},"categories":[17],"tags":[],"class_list":["post-60371","post","type-post","status-publish","format-standard","has-post-thumbnail","hentry","category-outras-noticias"],"_links":{"self":[{"href":"https:\/\/tvc16.com\/portal\/wp-json\/wp\/v2\/posts\/60371","targetHints":{"allow":["GET"]}}],"collection":[{"href":"https:\/\/tvc16.com\/portal\/wp-json\/wp\/v2\/posts"}],"about":[{"href":"https:\/\/tvc16.com\/portal\/wp-json\/wp\/v2\/types\/post"}],"author":[{"embeddable":true,"href":"https:\/\/tvc16.com\/portal\/wp-json\/wp\/v2\/users\/2"}],"replies":[{"embeddable":true,"href":"https:\/\/tvc16.com\/portal\/wp-json\/wp\/v2\/comments?post=60371"}],"version-history":[{"count":1,"href":"https:\/\/tvc16.com\/portal\/wp-json\/wp\/v2\/posts\/60371\/revisions"}],"predecessor-version":[{"id":60373,"href":"https:\/\/tvc16.com\/portal\/wp-json\/wp\/v2\/posts\/60371\/revisions\/60373"}],"wp:featuredmedia":[{"embeddable":true,"href":"https:\/\/tvc16.com\/portal\/wp-json\/wp\/v2\/media\/60372"}],"wp:attachment":[{"href":"https:\/\/tvc16.com\/portal\/wp-json\/wp\/v2\/media?parent=60371"}],"wp:term":[{"taxonomy":"category","embeddable":true,"href":"https:\/\/tvc16.com\/portal\/wp-json\/wp\/v2\/categories?post=60371"},{"taxonomy":"post_tag","embeddable":true,"href":"https:\/\/tvc16.com\/portal\/wp-json\/wp\/v2\/tags?post=60371"}],"curies":[{"name":"wp","href":"https:\/\/api.w.org\/{rel}","templated":true}]}}