{"id":60384,"date":"2023-05-30T08:40:30","date_gmt":"2023-05-30T11:40:30","guid":{"rendered":"https:\/\/tvc16.com\/portal\/?p=60384"},"modified":"2023-05-30T08:41:11","modified_gmt":"2023-05-30T11:41:11","slug":"povo-guarani-bloqueia-rodovia-em-sao-paulo-contra-marco-temporal","status":"publish","type":"post","link":"https:\/\/tvc16.com\/portal\/2023\/05\/30\/povo-guarani-bloqueia-rodovia-em-sao-paulo-contra-marco-temporal\/","title":{"rendered":"Povo guarani bloqueia rodovia em S\u00e3o Paulo contra marco temporal"},"content":{"rendered":"\n<p>Guaranis da Terra Ind\u00edgena Jaragu\u00e1, em S\u00e3o Paulo, bloquearam na manh\u00e3 desta ter\u00e7a-feira (29), a Rodovia dos Bandeirantes, no sentido S\u00e3o Paulo, contra a vota\u00e7\u00e3o do PL 490\/2007, que pretende estabelecer um marco temporal para a demarca\u00e7\u00e3o de terras ind\u00edgenas.\u00a0<img decoding=\"async\" src=\"https:\/\/agenciabrasil.ebc.com.br\/ebc.png?id=1535892&amp;o=node\"><img decoding=\"async\" src=\"https:\/\/agenciabrasil.ebc.com.br\/ebc.gif?id=1535892&amp;o=node\"><\/p>\n\n\n\n<p>De acordo com a concession\u00e1ria Autoban, a rodovia est\u00e1 interditada no quil\u00f4metro (km)&nbsp;20 devido \u00e0 manifesta\u00e7\u00e3o. A alternativa \u00e9 a Anhanguera. Pelo menos cinco&nbsp;quil\u00f4metros de filas de carros j\u00e1 se formam na estrada.<\/p>\n\n\n\n<p>Ontem (29), os guaranis de S\u00e3o Paulo fizeram atos no Largo S\u00e3o Francisco, na regi\u00e3o central da cidade, e uma grande vig\u00edlia na Terra Ind\u00edgena Jaragu\u00e1 come\u00e7ou no fim da tarde. Segundo eles, novos atos devem ser realizados em todo o pa\u00eds para que essa lei n\u00e3o seja aprovada.<\/p>\n\n\n\n<p>A urg\u00eancia sobre a vota\u00e7\u00e3o do PL 490 foi aprovada no dia 24 deste m\u00eas, o que acelerou a tramita\u00e7\u00e3o do projeto de lei. Se aprovado pela C\u00e2mara, o texto&nbsp;segue para o Senado.<\/p>\n\n\n\n<h2 class=\"wp-block-heading\">ONU<\/h2>\n\n\n\n<p>O escrit\u00f3rio da Organiza\u00e7\u00e3o das Na\u00e7\u00f5es Unidas (ONU) para Direitos Humanos na Am\u00e9rica do Sul manifestou, nessa segunda-feira (29), preocupa\u00e7\u00e3o com projetos do Congresso Nacional que podem afetar as causas ind\u00edgenas. Cobrou as autoridades brasileiras sobre \u201cmedidas urgentes em prol dessas popula\u00e7\u00f5es, conforme as normas internacionais de direitos humanos\u201d.<\/p>\n\n\n\n<p>Segundo a ONU, as iniciativas legislativas do Congresso Nacional \u201carriscam&nbsp;enfraquecer a prote\u00e7\u00e3o dos povos ind\u00edgenas&nbsp;no Brasil\u201d.<\/p>\n\n\n\n<p>A aprova\u00e7\u00e3o do projeto preocupa tamb\u00e9m institui\u00e7\u00f5es de defesa dos direitos humanos, como a Human Rights Watch, e religiosas, como o Conselho Nacional de Igrejas Crist\u00e3s e a Alian\u00e7a Crist\u00e3 Evang\u00e9lica.<\/p>\n","protected":false},"excerpt":{"rendered":"<p>Guaranis da Terra Ind\u00edgena Jaragu\u00e1, em S\u00e3o Paulo, bloquearam na manh\u00e3 desta ter\u00e7a-feira (29), a<\/p>\n","protected":false},"author":2,"featured_media":60385,"comment_status":"open","ping_status":"open","sticky":false,"template":"","format":"standard","meta":{"footnotes":""},"categories":[17],"tags":[],"class_list":["post-60384","post","type-post","status-publish","format-standard","has-post-thumbnail","hentry","category-outras-noticias"],"_links":{"self":[{"href":"https:\/\/tvc16.com\/portal\/wp-json\/wp\/v2\/posts\/60384","targetHints":{"allow":["GET"]}}],"collection":[{"href":"https:\/\/tvc16.com\/portal\/wp-json\/wp\/v2\/posts"}],"about":[{"href":"https:\/\/tvc16.com\/portal\/wp-json\/wp\/v2\/types\/post"}],"author":[{"embeddable":true,"href":"https:\/\/tvc16.com\/portal\/wp-json\/wp\/v2\/users\/2"}],"replies":[{"embeddable":true,"href":"https:\/\/tvc16.com\/portal\/wp-json\/wp\/v2\/comments?post=60384"}],"version-history":[{"count":2,"href":"https:\/\/tvc16.com\/portal\/wp-json\/wp\/v2\/posts\/60384\/revisions"}],"predecessor-version":[{"id":60387,"href":"https:\/\/tvc16.com\/portal\/wp-json\/wp\/v2\/posts\/60384\/revisions\/60387"}],"wp:featuredmedia":[{"embeddable":true,"href":"https:\/\/tvc16.com\/portal\/wp-json\/wp\/v2\/media\/60385"}],"wp:attachment":[{"href":"https:\/\/tvc16.com\/portal\/wp-json\/wp\/v2\/media?parent=60384"}],"wp:term":[{"taxonomy":"category","embeddable":true,"href":"https:\/\/tvc16.com\/portal\/wp-json\/wp\/v2\/categories?post=60384"},{"taxonomy":"post_tag","embeddable":true,"href":"https:\/\/tvc16.com\/portal\/wp-json\/wp\/v2\/tags?post=60384"}],"curies":[{"name":"wp","href":"https:\/\/api.w.org\/{rel}","templated":true}]}}