{"id":604,"date":"2020-09-16T22:22:15","date_gmt":"2020-09-16T22:22:15","guid":{"rendered":"https:\/\/tvc16.com\/portal\/?p=604"},"modified":"2020-09-16T22:43:18","modified_gmt":"2020-09-16T22:43:18","slug":"mais-tres-pessoas-morrem-pelo-novo-coronavirus-em-petropolis","status":"publish","type":"post","link":"https:\/\/tvc16.com\/portal\/2020\/09\/16\/mais-tres-pessoas-morrem-pelo-novo-coronavirus-em-petropolis\/","title":{"rendered":"Mais tr\u00eas pessoas morrem pelo novo coronav\u00edrus em Petr\u00f3polis"},"content":{"rendered":"\n<p>A Secretaria Municipal de Sa\u00fade confirmou na noite desta quarta-feira (16) a morte de mais tr\u00eas petropolitanos em decorr\u00eancia da covid-19. Com a atualiza\u00e7\u00e3o, Petr\u00f3polis atingiu a marca de 200 \u00f3bitos desde o in\u00edcio da pandemia. O munic\u00edpio contabiliza, ainda, 6.173 casos positivos de coronav\u00edrus e 2.088 pacientes recuperados da doen\u00e7a.<\/p>\n\n\n\n<p>As v\u00edtimas divulgadas hoje s\u00e3o tr\u00eas homens, com idades entre 69 e 92 anos. O primeiro caso \u00e9 de um morador do Independ\u00eancia, de 69 anos. Ele faleceu no mesmo dia em que foi internado, em 08 de setembro, no Hospital SMH. O segundo \u00f3bito \u00e9 de um idoso, de 92 anos, morador do Centro. Internado no Hospital Santa Teresa (HST) no dia 05 de setembro, ele morreu nesta ter\u00e7a-feira (15). Segundo a Sa\u00fade, o paciente tinha como comorbidade acidente vascular isqu\u00eamico cerebral. A terceira e \u00faltima morte confirmada \u00e9 de um homem, de 82 anos, tamb\u00e9m morador do Centro. Ele foi internado no dia 27 de agosto no Hospital Unimed e faleceu na segunda-feira (14). O paciente sofria com c\u00e2ncer de pr\u00f3stata e insufici\u00eancia renal aguda.<\/p>\n\n\n\n<p>De acordo com o boletim epidemiol\u00f3gico, at\u00e9 o momento foram realizados 51.585 testes na cidade. Desses, 44.802 resultaram negativos, 6.173 positivos e 610 est\u00e3o em an\u00e1lise, entre PCR e testes r\u00e1pidos. H\u00e1 87 pacientes internados na cidade, podendo ser casos positivos ou em investiga\u00e7\u00e3o esperando o resultado do teste.<\/p>\n\n\n\n<p>O monitoramento da sa\u00fade mostra, ainda, que a cidade possui 2.088 pessoas recuperadas do coronav\u00edrus. Esse n\u00famero se refere \u00e0s pessoas que estiveram internadas nas unidades hospitalares da cidade ou que se mantiveram em isolamento domiciliar e que, hoje, n\u00e3o apresentam mais os principais sintomas da doen\u00e7a.<\/p>\n\n\n\n<p>Nesta quarta-feira (16), o munic\u00edpio contabiliza pelo SUS 44,44% dos leitos cl\u00ednicos e 37,37% de UTI ocupados com pacientes infectados com coronav\u00edrus.<\/p>\n","protected":false},"excerpt":{"rendered":"<p>A Secretaria Municipal de Sa\u00fade confirmou na noite desta quarta-feira (16) a morte de mais<\/p>\n","protected":false},"author":2,"featured_media":614,"comment_status":"open","ping_status":"open","sticky":false,"template":"","format":"standard","meta":{"footnotes":""},"categories":[12],"tags":[],"class_list":["post-604","post","type-post","status-publish","format-standard","has-post-thumbnail","hentry","category-cidade"],"_links":{"self":[{"href":"https:\/\/tvc16.com\/portal\/wp-json\/wp\/v2\/posts\/604","targetHints":{"allow":["GET"]}}],"collection":[{"href":"https:\/\/tvc16.com\/portal\/wp-json\/wp\/v2\/posts"}],"about":[{"href":"https:\/\/tvc16.com\/portal\/wp-json\/wp\/v2\/types\/post"}],"author":[{"embeddable":true,"href":"https:\/\/tvc16.com\/portal\/wp-json\/wp\/v2\/users\/2"}],"replies":[{"embeddable":true,"href":"https:\/\/tvc16.com\/portal\/wp-json\/wp\/v2\/comments?post=604"}],"version-history":[{"count":1,"href":"https:\/\/tvc16.com\/portal\/wp-json\/wp\/v2\/posts\/604\/revisions"}],"predecessor-version":[{"id":606,"href":"https:\/\/tvc16.com\/portal\/wp-json\/wp\/v2\/posts\/604\/revisions\/606"}],"wp:featuredmedia":[{"embeddable":true,"href":"https:\/\/tvc16.com\/portal\/wp-json\/wp\/v2\/media\/614"}],"wp:attachment":[{"href":"https:\/\/tvc16.com\/portal\/wp-json\/wp\/v2\/media?parent=604"}],"wp:term":[{"taxonomy":"category","embeddable":true,"href":"https:\/\/tvc16.com\/portal\/wp-json\/wp\/v2\/categories?post=604"},{"taxonomy":"post_tag","embeddable":true,"href":"https:\/\/tvc16.com\/portal\/wp-json\/wp\/v2\/tags?post=604"}],"curies":[{"name":"wp","href":"https:\/\/api.w.org\/{rel}","templated":true}]}}