{"id":6043,"date":"2020-11-18T20:50:09","date_gmt":"2020-11-18T23:50:09","guid":{"rendered":"https:\/\/tvc16.com\/portal\/?p=6043"},"modified":"2020-11-18T20:50:11","modified_gmt":"2020-11-18T23:50:11","slug":"governador-em-exercicio-do-rio-se-encontra-com-presidente-bolsonaro-para-discutir-recuperacao-economica-do-estado","status":"publish","type":"post","link":"https:\/\/tvc16.com\/portal\/2020\/11\/18\/governador-em-exercicio-do-rio-se-encontra-com-presidente-bolsonaro-para-discutir-recuperacao-economica-do-estado\/","title":{"rendered":"Governador em exerc\u00edcio do Rio se encontra com presidente Bolsonaro para discutir recupera\u00e7\u00e3o econ\u00f4mica do Estado"},"content":{"rendered":"\n<p><br><em>Ap\u00f3s a reuni\u00e3o, Cl\u00e1udio Castro ressaltou o di\u00e1logo e as parcerias com o governo federal<\/em><\/p>\n\n\n\n<p><br>O governador em exerc\u00edcio do Rio de Janeiro, Cl\u00e1udio Castro, acompanhado do secret\u00e1rio-chefe da Casa Civil, Nicola Miccione, esteve em reuni\u00e3o, na tarde desta quarta-feira (18\/11), em Bras\u00edlia, com o presidente da Rep\u00fablica, Jair Bolsonaro, e com o ministro-chefe da Secretaria de Governo, Luiz Eduardo Ramos. Os principais assuntos foram a renova\u00e7\u00e3o do Regime de Recupera\u00e7\u00e3o Fiscal (RRF) e os projetos que podem alavancar o crescimento econ\u00f4mico do estado.<\/p>\n\n\n\n<p>&#8211; O Rio de Janeiro trabalha hoje em duas frentes: o regime que est\u00e1 em vigor e o proposto por meio do PLP 101\/20. O texto \u00e9 a salva\u00e7\u00e3o de um pa\u00eds inteiro, atingindo n\u00e3o somente os estados em situa\u00e7\u00e3o dif\u00edcil. O presidente se mostrou bem sens\u00edvel ao tema &#8211; disse o governador em exerc\u00edcio.<\/p>\n\n\n\n<p>Entre os demais projetos discutidos na reuni\u00e3o, est\u00e3o a continua\u00e7\u00e3o da constru\u00e7\u00e3o do Arco Metropolitano, as duplica\u00e7\u00f5es da Serra das Araras e da Rodovia BR-040 (Rio \u2013 Belo Horizonte) e a amplia\u00e7\u00e3o da RJ-118 at\u00e9 o Complexo Petroqu\u00edmico do Rio de Janeiro (Comperj) e o Porto do A\u00e7u.<\/p>\n\n\n\n<p>&#8211; S\u00e3o obras estruturantes para o Rio de Janeiro. A meta \u00e9 que o estado seja um hub log\u00edstico. Apresentamos ao presidente as nossas propostas para que possamos caminhar com as pr\u00f3prias pernas e tirar a depend\u00eancia do petr\u00f3leo. Temos buscado abrir o Rio de Janeiro para novas perspectivas \u2013 complementou Cl\u00e1udio Castro.<\/p>\n\n\n\n<p>O governador em exerc\u00edcio ressaltou ainda a necessidade de manter o presidente da Rep\u00fablica informado sobre os assuntos discutidos com os ministros:<\/p>\n\n\n\n<p>&#8211; Mais uma vez pedi ao presidente que nos ajude com essas pautas. Os projetos est\u00e3o com o ministro de Infraestrutura, Tarc\u00edsio de Freitas, e com o ministro-chefe da Casa Civil, Braga Netto, e s\u00e3o fundamentais para o desenvolvimento econ\u00f4mico e a gera\u00e7\u00e3o de empregos no Rio de Janeiro. \u00c9 importante para o presidente saber o que estamos dialogando, pois ele tem a palavra final.<br><strong>Foto: Ivan Sasha<\/strong><\/p>\n","protected":false},"excerpt":{"rendered":"<p>Ap\u00f3s a reuni\u00e3o, Cl\u00e1udio Castro ressaltou o di\u00e1logo e as parcerias com o governo federal<\/p>\n","protected":false},"author":2,"featured_media":6047,"comment_status":"open","ping_status":"open","sticky":false,"template":"","format":"standard","meta":{"footnotes":""},"categories":[17],"tags":[],"class_list":["post-6043","post","type-post","status-publish","format-standard","has-post-thumbnail","hentry","category-outras-noticias"],"_links":{"self":[{"href":"https:\/\/tvc16.com\/portal\/wp-json\/wp\/v2\/posts\/6043","targetHints":{"allow":["GET"]}}],"collection":[{"href":"https:\/\/tvc16.com\/portal\/wp-json\/wp\/v2\/posts"}],"about":[{"href":"https:\/\/tvc16.com\/portal\/wp-json\/wp\/v2\/types\/post"}],"author":[{"embeddable":true,"href":"https:\/\/tvc16.com\/portal\/wp-json\/wp\/v2\/users\/2"}],"replies":[{"embeddable":true,"href":"https:\/\/tvc16.com\/portal\/wp-json\/wp\/v2\/comments?post=6043"}],"version-history":[{"count":1,"href":"https:\/\/tvc16.com\/portal\/wp-json\/wp\/v2\/posts\/6043\/revisions"}],"predecessor-version":[{"id":6049,"href":"https:\/\/tvc16.com\/portal\/wp-json\/wp\/v2\/posts\/6043\/revisions\/6049"}],"wp:featuredmedia":[{"embeddable":true,"href":"https:\/\/tvc16.com\/portal\/wp-json\/wp\/v2\/media\/6047"}],"wp:attachment":[{"href":"https:\/\/tvc16.com\/portal\/wp-json\/wp\/v2\/media?parent=6043"}],"wp:term":[{"taxonomy":"category","embeddable":true,"href":"https:\/\/tvc16.com\/portal\/wp-json\/wp\/v2\/categories?post=6043"},{"taxonomy":"post_tag","embeddable":true,"href":"https:\/\/tvc16.com\/portal\/wp-json\/wp\/v2\/tags?post=6043"}],"curies":[{"name":"wp","href":"https:\/\/api.w.org\/{rel}","templated":true}]}}