{"id":60440,"date":"2023-05-31T06:55:56","date_gmt":"2023-05-31T09:55:56","guid":{"rendered":"https:\/\/tvc16.com\/portal\/?p=60440"},"modified":"2023-05-31T06:59:49","modified_gmt":"2023-05-31T09:59:49","slug":"coordenadoria-da-juventude-de-petropolis-faz-mutirao-para-auxiliar-as-inscricoes-do-encceja-2023","status":"publish","type":"post","link":"https:\/\/tvc16.com\/portal\/2023\/05\/31\/coordenadoria-da-juventude-de-petropolis-faz-mutirao-para-auxiliar-as-inscricoes-do-encceja-2023\/","title":{"rendered":"Coordenadoria da juventude de Petr\u00f3polis faz mutir\u00e3o para auxiliar as inscri\u00e7\u00f5es do Encceja 2023"},"content":{"rendered":"\n<p>Est\u00e3o abertas as inscri\u00e7\u00f5es do Exame Nacional para Certifica\u00e7\u00e3o de Compet\u00eancias de Jovens e Adultos (Encceja) 2023. Com o objetivo de auxiliar os petropolitanos, a Coordenadoria de Juventude de Petr\u00f3polis, est\u00e1 realizando um mutir\u00e3o para garantir que os cadastros sejam efetuados dentro do prazo estabelecido, que termina no dia 2 de junho, esta sexta-feira. <\/p>\n\n\n\n<p>O mutir\u00e3o est\u00e1 sendo realizado no espa\u00e7o do Programa Petr\u00f3polis da Paz, na Avenida Ipiranga, 193. A equipe que foi montada para o atendimento ao p\u00fablico, al\u00e9m de ajudar nas inscri\u00e7\u00f5es, est\u00e1 passando orienta\u00e7\u00f5es sobre as provas, que ser\u00e3o aplicadas em 27 de agosto.. <\/p>\n\n\n\n<p>O coordenador da Coordenadoria de Juventude, Jean Marques Gon\u00e7alves, destaca que, para as inscri\u00e7\u00f5es os interessados devem apresentar todos os documentos, como carteira de identidade e CPF, al\u00e9m informar n\u00famero de telefone e endere\u00e7o de e-mail. \u201cPara o ensino fundamental, os candidatos devem ter, no m\u00ednimo, 15 anos. J\u00e1 para as provas do ensino m\u00e9dio, a idade m\u00ednima \u00e9 de 18 anos\u201d, explica.<\/p>\n","protected":false},"excerpt":{"rendered":"<p>Est\u00e3o abertas as inscri\u00e7\u00f5es do Exame Nacional para Certifica\u00e7\u00e3o de Compet\u00eancias de Jovens e Adultos<\/p>\n","protected":false},"author":2,"featured_media":60441,"comment_status":"open","ping_status":"open","sticky":false,"template":"","format":"standard","meta":{"footnotes":""},"categories":[12],"tags":[],"class_list":["post-60440","post","type-post","status-publish","format-standard","has-post-thumbnail","hentry","category-cidade"],"_links":{"self":[{"href":"https:\/\/tvc16.com\/portal\/wp-json\/wp\/v2\/posts\/60440","targetHints":{"allow":["GET"]}}],"collection":[{"href":"https:\/\/tvc16.com\/portal\/wp-json\/wp\/v2\/posts"}],"about":[{"href":"https:\/\/tvc16.com\/portal\/wp-json\/wp\/v2\/types\/post"}],"author":[{"embeddable":true,"href":"https:\/\/tvc16.com\/portal\/wp-json\/wp\/v2\/users\/2"}],"replies":[{"embeddable":true,"href":"https:\/\/tvc16.com\/portal\/wp-json\/wp\/v2\/comments?post=60440"}],"version-history":[{"count":2,"href":"https:\/\/tvc16.com\/portal\/wp-json\/wp\/v2\/posts\/60440\/revisions"}],"predecessor-version":[{"id":60443,"href":"https:\/\/tvc16.com\/portal\/wp-json\/wp\/v2\/posts\/60440\/revisions\/60443"}],"wp:featuredmedia":[{"embeddable":true,"href":"https:\/\/tvc16.com\/portal\/wp-json\/wp\/v2\/media\/60441"}],"wp:attachment":[{"href":"https:\/\/tvc16.com\/portal\/wp-json\/wp\/v2\/media?parent=60440"}],"wp:term":[{"taxonomy":"category","embeddable":true,"href":"https:\/\/tvc16.com\/portal\/wp-json\/wp\/v2\/categories?post=60440"},{"taxonomy":"post_tag","embeddable":true,"href":"https:\/\/tvc16.com\/portal\/wp-json\/wp\/v2\/tags?post=60440"}],"curies":[{"name":"wp","href":"https:\/\/api.w.org\/{rel}","templated":true}]}}