{"id":60445,"date":"2023-05-31T07:11:48","date_gmt":"2023-05-31T10:11:48","guid":{"rendered":"https:\/\/tvc16.com\/portal\/?p=60445"},"modified":"2023-05-31T07:11:49","modified_gmt":"2023-05-31T10:11:49","slug":"audiencia-publica-sobre-inclusao-e-negligenciada-pela-prefeitura","status":"publish","type":"post","link":"https:\/\/tvc16.com\/portal\/2023\/05\/31\/audiencia-publica-sobre-inclusao-e-negligenciada-pela-prefeitura\/","title":{"rendered":"Audi\u00eancia p\u00fablica sobre inclus\u00e3o \u00e9 negligenciada pela Prefeitura"},"content":{"rendered":"\n<p><em>Guiherme Mattos<\/em><\/p>\n\n\n\n<p><em>\u201cEst\u00e3o com vergonha de falar que tem muita coisa errada\u201d, comentou Gilda Beatriz<\/em><\/p>\n\n\n\n<p>Na \u00faltima segunda-feira (29), estava para acontecer na C\u00e2mara Municipal de Petr\u00f3polis, audi\u00eancia p\u00fablica com o tema \u201cOs desafios da inclus\u00e3o escolar no munic\u00edpio de Petr\u00f3polis\u201d. Entretanto, a aus\u00eancia de representantes da Prefeitura de Petr\u00f3polis conduziu a vereadora Gilda Beatriz encerrar a audi\u00eancia logo ap\u00f3s o in\u00edcio. \u201cVou ter que abrir a audi\u00eancia p\u00fablica e encerrar. Mas uma vez a Secretaria de Educa\u00e7\u00e3o n\u00e3o encaminhou ningu\u00e9m para discutir sobre um assunto t\u00e3o importante\u201d comentou a Vereadora no plen\u00e1rio. Gilda ainda acusou a Prefeitura de ter vergonha de falar sobre a inclus\u00e3o, \u201cEu come\u00e7o a pensar que n\u00e3o veio ningu\u00e9m porque est\u00e3o com vergonha de falar, porque tem muita coisa errada, tem muita coisa precisando acontecer em rela\u00e7\u00e3o a inclus\u00e3o\u201d, afirma.<\/p>\n\n\n\n<p>Na pauta da audi\u00eancia estavam a capacita\u00e7\u00e3o te\u00f3rica e pr\u00e1tica sobre educa\u00e7\u00e3o inclusiva dos profissionais do setor, implanta\u00e7\u00e3o das salas de recurso em todas as unidades, falta de mediadores e cuidadores, acessibilidades nas escolas dentre outros temas. A vereadora destacou ainda, que s\u00e3o 1.586 alunos com defici\u00eancia matriculados na rede municipal e apenas 210 mediadores exclusivos \u201cN\u00f3s temos quase 1.600 alunos de inclus\u00e3o e s\u00f3 210 mediadores que hist\u00f3ria \u00e9 essa? Era isso que eu iria questionar como est\u00e1 sendo feito essa media\u00e7\u00e3o?\u201d, perguntou a vereadora.<\/p>\n\n\n\n<p>Gilda Beatriz tamb\u00e9m questionou sobre a demanda dos estudantes que ainda n\u00e3o possuem diagn\u00f3stico definitivo &#8220;Ou seja, o aluno, at\u00e9 ent\u00e3o, n\u00e3o possui defici\u00eancia e tamb\u00e9m n\u00e3o consegue fazer a evolu\u00e7\u00e3o necess\u00e1ria, pois n\u00e3o tem um laudo. Se n\u00e3o tem laudo, ele n\u00e3o tem diagn\u00f3stico para poder ser aluno de inclus\u00e3o. Logo, ele fica exclu\u00eddo e, muitas vezes, acaba saindo do processo de escolariza\u00e7\u00e3o. O que me parece, \u00e9 que por ter tantas coisas erradas em rela\u00e7\u00e3o \u00e0 inclus\u00e3o, o Poder Executivo n\u00e3o quis vir discutir&#8221;, afirma Gilda.<\/p>\n\n\n\n<p>A equipe do Grupo Correio da Manh\u00e3 questionou \u00e0 Prefeitura sobre os questionamentos apontados mas, at\u00e9 o encerramento dessa mat\u00e9ria, n\u00e3o responderam. Sobre a audi\u00eancia, a C\u00e2mara informou que ir\u00e1 remarcar.<\/p>\n","protected":false},"excerpt":{"rendered":"<p>Guiherme Mattos \u201cEst\u00e3o com vergonha de falar que tem muita coisa errada\u201d, comentou Gilda Beatriz<\/p>\n","protected":false},"author":2,"featured_media":60446,"comment_status":"open","ping_status":"open","sticky":false,"template":"","format":"standard","meta":{"footnotes":""},"categories":[12],"tags":[],"class_list":["post-60445","post","type-post","status-publish","format-standard","has-post-thumbnail","hentry","category-cidade"],"_links":{"self":[{"href":"https:\/\/tvc16.com\/portal\/wp-json\/wp\/v2\/posts\/60445","targetHints":{"allow":["GET"]}}],"collection":[{"href":"https:\/\/tvc16.com\/portal\/wp-json\/wp\/v2\/posts"}],"about":[{"href":"https:\/\/tvc16.com\/portal\/wp-json\/wp\/v2\/types\/post"}],"author":[{"embeddable":true,"href":"https:\/\/tvc16.com\/portal\/wp-json\/wp\/v2\/users\/2"}],"replies":[{"embeddable":true,"href":"https:\/\/tvc16.com\/portal\/wp-json\/wp\/v2\/comments?post=60445"}],"version-history":[{"count":1,"href":"https:\/\/tvc16.com\/portal\/wp-json\/wp\/v2\/posts\/60445\/revisions"}],"predecessor-version":[{"id":60447,"href":"https:\/\/tvc16.com\/portal\/wp-json\/wp\/v2\/posts\/60445\/revisions\/60447"}],"wp:featuredmedia":[{"embeddable":true,"href":"https:\/\/tvc16.com\/portal\/wp-json\/wp\/v2\/media\/60446"}],"wp:attachment":[{"href":"https:\/\/tvc16.com\/portal\/wp-json\/wp\/v2\/media?parent=60445"}],"wp:term":[{"taxonomy":"category","embeddable":true,"href":"https:\/\/tvc16.com\/portal\/wp-json\/wp\/v2\/categories?post=60445"},{"taxonomy":"post_tag","embeddable":true,"href":"https:\/\/tvc16.com\/portal\/wp-json\/wp\/v2\/tags?post=60445"}],"curies":[{"name":"wp","href":"https:\/\/api.w.org\/{rel}","templated":true}]}}