{"id":60457,"date":"2023-05-31T08:20:20","date_gmt":"2023-05-31T11:20:20","guid":{"rendered":"https:\/\/tvc16.com\/portal\/?p=60457"},"modified":"2023-05-31T08:20:20","modified_gmt":"2023-05-31T11:20:20","slug":"mp-do-bolsa-familia-e-aprovada-na-camara-dos-deputados","status":"publish","type":"post","link":"https:\/\/tvc16.com\/portal\/2023\/05\/31\/mp-do-bolsa-familia-e-aprovada-na-camara-dos-deputados\/","title":{"rendered":"MP do Bolsa Fam\u00edlia \u00e9 aprovada na C\u00e2mara dos Deputados"},"content":{"rendered":"\n<p>A Medida Provis\u00f3ria 1164\/23, que recriou&nbsp;o programa Bolsa Fam\u00edlia e extinguiu&nbsp;o Aux\u00edlio Brasil, foi aprovada na noite desta ter\u00e7a-feira (30) pela C\u00e2mara dos Deputados. Com a aprova\u00e7\u00e3o, fica garantido o pagamento de R$ 600 para as fam\u00edlias beneficiadas, adicional de R$ 150 por&nbsp;crian\u00e7a&nbsp;de zero a seis anos de idade e b\u00f4nus de R$ 50 gestantes, crian\u00e7as entre 7 e 12 anos e adolescentes com mais de 12 anos. O texto da&nbsp;MP ser\u00e1 encaminhado&nbsp;ao Senado.<img decoding=\"async\" src=\"https:\/\/agenciabrasil.ebc.com.br\/ebc.png?id=1536208&amp;o=node\"><img decoding=\"async\" src=\"https:\/\/agenciabrasil.ebc.com.br\/ebc.gif?id=1536208&amp;o=node\"><\/p>\n\n\n\n<p>Os deputados federais aprovaram o texto de autoria do relator, deputado Dr. Francisco (PT-PI).<\/p>\n\n\n\n<p>Embora o texto tenha retirado a vig\u00eancia das novas regras a partir de 1\u00ba de junho, se a lei derivada da MP for publicada nesta data n\u00e3o haver\u00e1 diferen\u00e7a pr\u00e1tica.<\/p>\n\n\n\n<p>Pela MP, poder\u00e3o receber o benef\u00edcio fam\u00edlias com renda mensal&nbsp;<em>per capita<\/em>&nbsp;igual ou inferior a R$ 218. Antes, a renda exigida era de R$ 210.&nbsp;<\/p>\n\n\n\n<p>O presidente do Senado, Rodrigo Pacheco, prometeu esfor\u00e7o para aprovar as medidas provis\u00f3rias que est\u00e3o com pr\u00f3ximas a perder a validade. &#8220;Vamos votar no Senado dentro do prazo, vamos apreciar [essas MPs] ainda que tenhamos que avan\u00e7ar noite adentro&#8221;, disse&nbsp;Pacheco.&nbsp;<\/p>\n\n\n\n<p>A MP do Bolsa Fam\u00edlia est\u00e1 em vigor desde 2 de mar\u00e7o.<\/p>\n\n\n\n<h2 class=\"wp-block-heading\">Aux\u00edlio G\u00e1s<\/h2>\n\n\n\n<p>Foi incorporado ao texto a&nbsp;MP 1155\/23, que prev\u00ea o pagamento de um complemento do Aux\u00edlio G\u00e1s. O benef\u00edcio equivale&nbsp;a&nbsp;metade do valor m\u00e9dio do botij\u00e3o de g\u00e1s. O aux\u00edlio normal \u00e9 de igual valor.<\/p>\n\n\n\n<p>O complemento ser\u00e1 depositado a cada dois meses. Ao todo, a&nbsp;fam\u00edlia ir\u00e1 receber&nbsp;o valor equivalente \u00e0 m\u00e9dia de um botij\u00e3o de 13 Kg.<\/p>\n","protected":false},"excerpt":{"rendered":"<p>A Medida Provis\u00f3ria 1164\/23, que recriou&nbsp;o programa Bolsa Fam\u00edlia e extinguiu&nbsp;o Aux\u00edlio Brasil, foi aprovada<\/p>\n","protected":false},"author":2,"featured_media":60458,"comment_status":"open","ping_status":"open","sticky":false,"template":"","format":"standard","meta":{"footnotes":""},"categories":[17],"tags":[],"class_list":["post-60457","post","type-post","status-publish","format-standard","has-post-thumbnail","hentry","category-outras-noticias"],"_links":{"self":[{"href":"https:\/\/tvc16.com\/portal\/wp-json\/wp\/v2\/posts\/60457","targetHints":{"allow":["GET"]}}],"collection":[{"href":"https:\/\/tvc16.com\/portal\/wp-json\/wp\/v2\/posts"}],"about":[{"href":"https:\/\/tvc16.com\/portal\/wp-json\/wp\/v2\/types\/post"}],"author":[{"embeddable":true,"href":"https:\/\/tvc16.com\/portal\/wp-json\/wp\/v2\/users\/2"}],"replies":[{"embeddable":true,"href":"https:\/\/tvc16.com\/portal\/wp-json\/wp\/v2\/comments?post=60457"}],"version-history":[{"count":1,"href":"https:\/\/tvc16.com\/portal\/wp-json\/wp\/v2\/posts\/60457\/revisions"}],"predecessor-version":[{"id":60459,"href":"https:\/\/tvc16.com\/portal\/wp-json\/wp\/v2\/posts\/60457\/revisions\/60459"}],"wp:featuredmedia":[{"embeddable":true,"href":"https:\/\/tvc16.com\/portal\/wp-json\/wp\/v2\/media\/60458"}],"wp:attachment":[{"href":"https:\/\/tvc16.com\/portal\/wp-json\/wp\/v2\/media?parent=60457"}],"wp:term":[{"taxonomy":"category","embeddable":true,"href":"https:\/\/tvc16.com\/portal\/wp-json\/wp\/v2\/categories?post=60457"},{"taxonomy":"post_tag","embeddable":true,"href":"https:\/\/tvc16.com\/portal\/wp-json\/wp\/v2\/tags?post=60457"}],"curies":[{"name":"wp","href":"https:\/\/api.w.org\/{rel}","templated":true}]}}