{"id":60463,"date":"2023-05-31T12:30:59","date_gmt":"2023-05-31T15:30:59","guid":{"rendered":"https:\/\/tvc16.com\/portal\/?p=60463"},"modified":"2023-05-31T12:31:00","modified_gmt":"2023-05-31T15:31:00","slug":"retencao-de-1km-na-br-040-sentido-juiz-de-fora","status":"publish","type":"post","link":"https:\/\/tvc16.com\/portal\/2023\/05\/31\/retencao-de-1km-na-br-040-sentido-juiz-de-fora\/","title":{"rendered":"Reten\u00e7\u00e3o de 1km na BR-040 sentido Juiz De Fora"},"content":{"rendered":"\n<p>A Concer, concession\u00e1ria que administra a BR-040, informa que neste momento o tr\u00e2nsito apresenta reten\u00e7\u00e3o de 1km, na altura da Vila S\u00e3o Luiz, KM 119, em Duque de Caxias, sentido Petr\u00f3polis, devido \u00e0 manifesta\u00e7\u00e3o que ocupa parcialmente a pista lateral.<\/p>\n\n\n\n<p>Equipes da Pol\u00edcia Rodovi\u00e1ria Federal e Pol\u00edcia Militar est\u00e3o no local, orientando motoristas.<\/p>\n\n\n\n<p>Esta manifesta\u00e7\u00e3o, de acordo com informa\u00e7\u00f5es da PRF, teve in\u00edcio por volta das 10h20 da manh\u00e3 desta quarta-feira (31). Cerca de 20 moradores protestam por causa da morte de morador local.<\/p>\n","protected":false},"excerpt":{"rendered":"<p>A Concer, concession\u00e1ria que administra a BR-040, informa que neste momento o tr\u00e2nsito apresenta reten\u00e7\u00e3o<\/p>\n","protected":false},"author":2,"featured_media":60464,"comment_status":"open","ping_status":"open","sticky":false,"template":"","format":"standard","meta":{"footnotes":""},"categories":[12],"tags":[],"class_list":["post-60463","post","type-post","status-publish","format-standard","has-post-thumbnail","hentry","category-cidade"],"_links":{"self":[{"href":"https:\/\/tvc16.com\/portal\/wp-json\/wp\/v2\/posts\/60463","targetHints":{"allow":["GET"]}}],"collection":[{"href":"https:\/\/tvc16.com\/portal\/wp-json\/wp\/v2\/posts"}],"about":[{"href":"https:\/\/tvc16.com\/portal\/wp-json\/wp\/v2\/types\/post"}],"author":[{"embeddable":true,"href":"https:\/\/tvc16.com\/portal\/wp-json\/wp\/v2\/users\/2"}],"replies":[{"embeddable":true,"href":"https:\/\/tvc16.com\/portal\/wp-json\/wp\/v2\/comments?post=60463"}],"version-history":[{"count":1,"href":"https:\/\/tvc16.com\/portal\/wp-json\/wp\/v2\/posts\/60463\/revisions"}],"predecessor-version":[{"id":60465,"href":"https:\/\/tvc16.com\/portal\/wp-json\/wp\/v2\/posts\/60463\/revisions\/60465"}],"wp:featuredmedia":[{"embeddable":true,"href":"https:\/\/tvc16.com\/portal\/wp-json\/wp\/v2\/media\/60464"}],"wp:attachment":[{"href":"https:\/\/tvc16.com\/portal\/wp-json\/wp\/v2\/media?parent=60463"}],"wp:term":[{"taxonomy":"category","embeddable":true,"href":"https:\/\/tvc16.com\/portal\/wp-json\/wp\/v2\/categories?post=60463"},{"taxonomy":"post_tag","embeddable":true,"href":"https:\/\/tvc16.com\/portal\/wp-json\/wp\/v2\/tags?post=60463"}],"curies":[{"name":"wp","href":"https:\/\/api.w.org\/{rel}","templated":true}]}}