{"id":60467,"date":"2023-05-31T13:36:00","date_gmt":"2023-05-31T16:36:00","guid":{"rendered":"https:\/\/tvc16.com\/portal\/?p=60467"},"modified":"2023-05-31T13:36:00","modified_gmt":"2023-05-31T16:36:00","slug":"coluna-petropolitanas-13","status":"publish","type":"post","link":"https:\/\/tvc16.com\/portal\/2023\/05\/31\/coluna-petropolitanas-13\/","title":{"rendered":"Coluna Petropolitanas"},"content":{"rendered":"\n<p>A Comiss\u00e3o de Transporte P\u00fablico e Mobilidade Urbana da C\u00e2mara Municipal far\u00e1 no pr\u00f3ximo dia 05 de junho, uma audi\u00eancia p\u00fablica para debater o Plano de Retorno do Transporte P\u00fablico e Coletivos de Passageiros nas frotas das empresas Petro Ita e Cascatinha. Tr\u00eas semanas depois, e 30 \u00f4nibus foram substitu\u00eddos emergencialmente. H\u00e1 linhas que j\u00e1 haviam sido prejudicadas com a redu\u00e7\u00e3o da frota durante a pandemia e que agora n\u00e3o est\u00e3o sendo atendidas, a linha do Bairro Mau\u00e1 \u00e9 uma delas.&nbsp;<\/p>\n\n\n\n<p>OBRAS &#8211; O Tribunal de Contas da Uni\u00e3o (TCU) est\u00e1 de olho nos conv\u00eanios com o Governo Federal para a execu\u00e7\u00e3o de obras nos munic\u00edpios do Rio. Em Nova Friburgo, o Tribunal identificou uma s\u00e9rie de inconsist\u00eancias na contrata\u00e7\u00e3o de obras de conten\u00e7\u00e3o de encostas e drenagem. Essa, executada pela Secretaria de Estado de Infraestrutura e Obras (Seinfra), n\u00e3o precisar\u00e1 ser anulada, apenas corrigida, segundo o Tribunal.&nbsp;<\/p>\n\n\n\n<p>PLANO DIRETOR &#8211; A Prefeitura publicou no Di\u00e1rio Oficial do \u00faltimo dia 24, o decreto que estabelece o Grupo de Trabalho que vai elaborar o Termo de Refer\u00eancia para a contrata\u00e7\u00e3o da entidade jur\u00eddica que far\u00e1 a revis\u00e3o do Plano Diretor do Munic\u00edpio. O plano, que deve ser revisto a cada 10 anos, teve sua \u00faltima atualiza\u00e7\u00e3o em 2014.<\/p>\n\n\n\n<p>GABINETE DE CRISE &#8211; Na edi\u00e7\u00e3o desta ter\u00e7a-feira (30), o Correio Petropolitano trouxe um pouco do drama dos passageiros que dependem das linhas operadas pela Petro Ita e Cascatinha e que ainda n\u00e3o foram repostas. A Prefeitura criou um Gabinete de Crise, e os agentes da CPTrans estavam fazendo pesquisas com os passageiros, mas nenhum resultado foi apresentado at\u00e9 agora.&nbsp;<\/p>\n","protected":false},"excerpt":{"rendered":"<p>A Comiss\u00e3o de Transporte P\u00fablico e Mobilidade Urbana da C\u00e2mara Municipal far\u00e1 no pr\u00f3ximo dia<\/p>\n","protected":false},"author":2,"featured_media":60468,"comment_status":"open","ping_status":"open","sticky":false,"template":"","format":"standard","meta":{"footnotes":""},"categories":[12],"tags":[],"class_list":["post-60467","post","type-post","status-publish","format-standard","has-post-thumbnail","hentry","category-cidade"],"_links":{"self":[{"href":"https:\/\/tvc16.com\/portal\/wp-json\/wp\/v2\/posts\/60467","targetHints":{"allow":["GET"]}}],"collection":[{"href":"https:\/\/tvc16.com\/portal\/wp-json\/wp\/v2\/posts"}],"about":[{"href":"https:\/\/tvc16.com\/portal\/wp-json\/wp\/v2\/types\/post"}],"author":[{"embeddable":true,"href":"https:\/\/tvc16.com\/portal\/wp-json\/wp\/v2\/users\/2"}],"replies":[{"embeddable":true,"href":"https:\/\/tvc16.com\/portal\/wp-json\/wp\/v2\/comments?post=60467"}],"version-history":[{"count":1,"href":"https:\/\/tvc16.com\/portal\/wp-json\/wp\/v2\/posts\/60467\/revisions"}],"predecessor-version":[{"id":60469,"href":"https:\/\/tvc16.com\/portal\/wp-json\/wp\/v2\/posts\/60467\/revisions\/60469"}],"wp:featuredmedia":[{"embeddable":true,"href":"https:\/\/tvc16.com\/portal\/wp-json\/wp\/v2\/media\/60468"}],"wp:attachment":[{"href":"https:\/\/tvc16.com\/portal\/wp-json\/wp\/v2\/media?parent=60467"}],"wp:term":[{"taxonomy":"category","embeddable":true,"href":"https:\/\/tvc16.com\/portal\/wp-json\/wp\/v2\/categories?post=60467"},{"taxonomy":"post_tag","embeddable":true,"href":"https:\/\/tvc16.com\/portal\/wp-json\/wp\/v2\/tags?post=60467"}],"curies":[{"name":"wp","href":"https:\/\/api.w.org\/{rel}","templated":true}]}}