{"id":60478,"date":"2023-05-31T14:21:09","date_gmt":"2023-05-31T17:21:09","guid":{"rendered":"https:\/\/tvc16.com\/portal\/?p=60478"},"modified":"2023-05-31T14:21:11","modified_gmt":"2023-05-31T17:21:11","slug":"fumantes-usam-8-da-renda-familiar-per-capita-para-compra-de-cigarros","status":"publish","type":"post","link":"https:\/\/tvc16.com\/portal\/2023\/05\/31\/fumantes-usam-8-da-renda-familiar-per-capita-para-compra-de-cigarros\/","title":{"rendered":"Fumantes usam 8% da renda familiar per capita para compra de cigarros"},"content":{"rendered":"\n<h3 class=\"wp-block-heading\">Pesquisa divulgada pelo Inca marca o Dia Mundial sem Tabaco<\/h3>\n\n\n\n<h4 class=\"wp-block-heading\"> Por Alana Gandra &#8211; Rep\u00f3rter da Ag\u00eancia Brasil &#8211; Rio de Janeiro<audio src=\"https:\/\/tts-app.ebc.com.br\/media\/tts\/204261.mp3\"><\/audio><\/h4>\n\n\n\n<p>Os brasileiros que fumam destinam cerca de 8% da renda familiar&nbsp;<em>per capita<\/em>&nbsp;(por indiv\u00edduo), mensalmente, para a compra de cigarros industrializados. O gasto mensal chega a quase 10% da renda entre os fumantes na faixa et\u00e1ria de 15 a 24 anos, atingindo 11% entre aqueles com ensino fundamental incompleto. Os dados constam de pesquisa do Instituto Nacional do&nbsp;C\u00e2ncer (Inca), que ser\u00e1 apresentada nesta quarta-feira (31), na sede da institui\u00e7\u00e3o, no Rio de Janeiro, durante o lan\u00e7amento da campanha &#8220;Precisamos de comida, n\u00e3o tabaco\u201d, da Organiza\u00e7\u00e3o Mundial da Sa\u00fade (OMS).<img decoding=\"async\" src=\"https:\/\/agenciabrasil.ebc.com.br\/ebc.png?id=1536209&amp;o=node\"><img decoding=\"async\" src=\"https:\/\/agenciabrasil.ebc.com.br\/ebc.gif?id=1536209&amp;o=node\"><\/p>\n\n\n\n<p>A campanha marca o Dia Mundial sem Tabaco, comemorado em 31 de maio. A sondagem teve por base dados da Pesquisa Nacional de Sa\u00fade (PNS) de 2019.<\/p>\n\n\n\n<p>\u201cDe maneira geral, a varia\u00e7\u00e3o maior ocorre&nbsp;no rendimento e n\u00e3o tanto no gasto. Para pessoas que t\u00eam escolaridade mais baixa, que moram em estados ou regi\u00f5es em que a renda m\u00e9dia \u00e9 menor, o gasto com cigarro&nbsp;acaba tendo uma contribui\u00e7\u00e3o relativa maior\u201d, destacou, em entrevista \u00e0&nbsp;<strong>Ag\u00eancia Brasil,<\/strong>&nbsp;o m\u00e9dico Andr\u00e9 Szklo, um dos autores do estudo, realizado pela Divis\u00e3o de Pesquisa Populacional do Inca. Por isso, entre os fumantes de baixa escolaridade, o comprometimento do gasto com cigarro, em fun\u00e7\u00e3o da renda domiciliar&nbsp;<em>per capita<\/em>&nbsp;do domic\u00edlio onde reside, \u00e9 maior do que entre fumantes que tenham escolaridade mais elevada.<\/p>\n\n\n\n<p>A mesma coisa ocorre&nbsp;em regi\u00f5es do pa\u00eds. No Norte e Nordeste, onde a renda m\u00e9dia \u00e9 menor, comparada com o Sudeste e Sul, o comprometimento do gasto com o cigarro acaba sendo maior tamb\u00e9m, indicou Szklo. Por sexo, o percentual alcan\u00e7a 8% para os homens e 7% para as mulheres.<\/p>\n\n\n\n<h2 class=\"wp-block-heading\">Por regi\u00f5es<\/h2>\n\n\n\n<p>As regi\u00f5es Norte e Nordeste concentram os maiores gastos com o tabagismo, sendo o Acre o estado com o maior comprometimento de renda (14%), seguido por Alagoas (12%), Cear\u00e1, Par\u00e1 e Tocantins (11% cada). Na Regi\u00e3o Sul, Paran\u00e1 e Rio Grande do Sul registram 8% de gastos com cigarros e Santa Catarina, 7%. No Sudeste, Rio de Janeiro e Minas Gerais apresentam gastos em torno tamb\u00e9m de 8%, enquanto S\u00e3o Paulo e Esp\u00edrito Santo atingem 7%. Os menores \u00edndices de comprometimento de renda, em contrapartida, aparecem na Regi\u00e3o Centro-Oeste, com Mato Grosso do Sul e o Distrito Federal mostrando gastos de 6% cada. Mato Grosso e Goi\u00e1s alcan\u00e7am 9% cada.<\/p>\n\n\n\n<p>Andr\u00e9 Szklo informou que essa contribui\u00e7\u00e3o \u00e9 derivada de duas vari\u00e1veis: quanto a pessoa est\u00e1 gastando em m\u00e9dia, naquele m\u00eas, com cigarro, e o rendimento m\u00e9dio dos domic\u00edlios daqueles estados onde h\u00e1 um morador fumante. \u201cN\u00e3o necessariamente vai ser o mesmo (gasto) para todos os estados. Porque tem a rela\u00e7\u00e3o de&nbsp;quanto voc\u00ea gasta e o rendimento m\u00e9dio do domic\u00edlio daquele estado,&nbsp;<em>per capita<\/em>\u2019. Por exemplo, quando se nota que Mato Grosso do Sul tem contribui\u00e7\u00e3o menor, isso pode ser em fun\u00e7\u00e3o tanto de um rendimento maior domiciliar entre as fam\u00edlias que t\u00eam pelo menos um fumante, como tamb\u00e9m um gasto proporcional menor desse fumante de&nbsp;Mato Grosso do Sul, n\u00e3o necessariamente porque ele est\u00e1 comprando menos cigarro, mas tamb\u00e9m pelo pre\u00e7o que est\u00e1 pagando pelo produto.<\/p>\n\n\n\n<h2 class=\"wp-block-heading\">Pre\u00e7o mais barato<\/h2>\n\n\n\n<p>O pesquisador do Inca lembrou que Mato Grosso do Sul faz fronteira com o Paraguai, porta de entrada importante para cigarros que n\u00e3o pagam imposto, os chamados ilegais, cujo pre\u00e7o \u00e9 menor do que o do produto&nbsp;legal. Depois do Paraguai, o Brasil \u00e9 o pa\u00eds que tem o cigarro mais barato das Am\u00e9ricas. \u201cDesde 2017 que a gente tem uma queda real, isto \u00e9, j\u00e1 descontada a infla\u00e7\u00e3o, do pre\u00e7o do cigarro legal brasileiro. \u00c9 um cigarro muito barato\u201d. No gasto analisado pelo Inca, est\u00e1 inclu\u00eddo o gasto com cigarro legal e ilegal.<\/p>\n\n\n\n<p>Como se consome um cigarro muito barato no Brasil, Andr\u00e9 Szklo disse que isso leva a pessoa&nbsp;a n\u00e3o parar&nbsp;de fumar e, tamb\u00e9m, que adolescentes e jovens, principalmente, acabem sendo motivados e conduzidos a come\u00e7ar&nbsp;a fumar, estimulados pelo pre\u00e7o muito baixo. O pesquisador alertou que o gasto com cigarro que est\u00e1 comprometendo a renda domiciliar poderia ser aproveitado de outra forma, como no consumo de alimentos saud\u00e1veis ou investindo em atividades de lazer,&nbsp;f\u00edsicas, esportivas, de preven\u00e7\u00e3o de uma s\u00e9rie de doen\u00e7as. Mas, ao contr\u00e1rio, ele est\u00e1 sendo direcionado para o consumo de cigarros.<\/p>\n\n\n\n<figure class=\"wp-block-image\"><img decoding=\"async\" src=\"https:\/\/imagens.ebc.com.br\/FEEhHnbFJYZInHHbwPW8Gvs1UCk=\/754x0\/smart\/https:\/\/agenciabrasil.ebc.com.br\/sites\/default\/files\/thumbnails\/image\/dmst23-card-whenyousmokeistarve1-pt0.jpg?itok=Bmit1rN9\" alt=\"Dia Mundial sem Tabaco, 31 de maio de 2023. Imagens da campanha \u2013 Organiza\u00e7\u00e3o Pan-Americana de Sa\u00fade\/OPAS \u2013 Arte: OPAS\" title=\"Arte: OPAS\"\/><\/figure>\n\n\n\n<p>Dia Mundial sem Tabaco, 31 de maio de 2023. Imagens da campanha \u2013 Organiza\u00e7\u00e3o Pan-Americana de Sa\u00fade\/OPAS \u2013 Arte: OPAS &#8211;&nbsp;<strong>Arte: OPAS<\/strong><\/p>\n\n\n\n<p>A recomenda\u00e7\u00e3o \u00e9 que \u00e9 preciso voltar a criar barreira, defendeu&nbsp;Szklo. \u201cE essa barreira para o gasto com cigarro \u00e9 voltar a aumentar o pre\u00e7o\u201d. Na avalia\u00e7\u00e3o do pesquisador do Inca, aumentar as al\u00edquotas que incidem sobre os produtos finais do tabaco e, consequentemente, sobre o pre\u00e7o final do cigarro, \u00e9 a medida mais efetiva de sa\u00fade p\u00fablica e controle do tabaco, para reduzir a inicia\u00e7\u00e3o e estimular a suspens\u00e3o&nbsp;desse h\u00e1bito. \u201cSe a gente voltar a aumentar o pre\u00e7o do cigarro, os fumantes v\u00e3o acabar gastando menos, porque v\u00e3o parar de fumar\u201d.<\/p>\n\n\n\n<h2 class=\"wp-block-heading\">SUS<\/h2>\n\n\n\n<p>O estudo do Inca destaca a import\u00e2ncia de ser criado de fato um imposto espec\u00edfico para produtos derivados do tabaco, de forma que se possa voltar a ter aumento de pre\u00e7o. Os recursos desse imposto devem ser canalizados para o Sistema \u00danico de Sa\u00fade (SUS), por exemplo, para tratamento de&nbsp;doen\u00e7as relacionadas ao uso do tabaco. \u201cO custo do tabagismo para o pa\u00eds representa muito mais do que \u00e9 arrecadado em termos de impostos pela ind\u00fastria do tabaco\u201d. Segundo Szklo, a arrecada\u00e7\u00e3o chega a 10% do custo estimado de R$ 125 milh\u00f5es por ano.<\/p>\n\n\n\n<p>O m\u00e9dico do Inca insistiu que o estudo \u00e9 um alerta para que se volte a aumentar o pre\u00e7o do cigarro, a fim de que os gastos dos brasileiros com a compra do produto&nbsp;deixem de ser feitos. \u201cPara que os fumantes parem de fumar ou nem comecem a fumar e, com isso, a gente possa reduzir a iniquidade na distribui\u00e7\u00e3o de fumantes na popula\u00e7\u00e3o e, tamb\u00e9m, em termos de desfechos de sa\u00fade. Porque \u00e9 exatamente nas popula\u00e7\u00f5es de menor renda, nos estados mais pobres, entre as fam\u00edlias de menor escolaridade, que o cigarro acaba comprometendo mais o rendimento domiciliar&nbsp;<em>per capita<\/em>&#8220;.<\/p>\n\n\n\n<p>Szklo refor\u00e7ou que se os integrantes desses domic\u00edlios pararem de fumar ou nem come\u00e7arem a fumar, esse dinheiro que hoje \u00e9 gasto com cigarro&nbsp;poder\u00e1 ser canalizado para outras a\u00e7\u00f5es de promo\u00e7\u00e3o da sa\u00fade das pessoas, al\u00e9m da compra de alimentos, que \u00e9 o tema deste ano do Dia Mundial sem Tabaco.<\/p>\n\n\n\n<p>A pesquisa mostra que&nbsp;se a pessoa n\u00e3o estiver gastando com tabaco, ela pode usar o dinheiro&nbsp;para comprar comida, sem cair, por\u00e9m, na interfer\u00eancia da ind\u00fastria de alimentos ultraprocessados, mas dando prefer\u00eancia a alimentos saud\u00e1veis. \u201cObviamente, se tiver menor consumo de tabaco, vai ter mais comida no prato do brasileiro, porque a pessoa pode destinar tamb\u00e9m uma parte da \u00e1rea empregada atualmente no cultivo de folhas de tabaco para alimentos&nbsp;como arroz e&nbsp;feij\u00e3o, entre outros. O estudo alerta para que o pa\u00eds continue avan\u00e7ando no combate ao tabagismo\u201d.<\/p>\n\n\n\n<h2 class=\"wp-block-heading\">A\u00e7\u00f5es<\/h2>\n\n\n\n<p>A campanha da OMS \u00e9 liderada no Brasil pelo Inca. Ela destaca&nbsp;a import\u00e2ncia de a\u00e7\u00f5es que incentivem a produ\u00e7\u00e3o de alimentos sustent\u00e1veis em substitui\u00e7\u00e3o ao cultivo do tabaco, al\u00e9m da diversifica\u00e7\u00e3o da produ\u00e7\u00e3o, da prote\u00e7\u00e3o do meio ambiente e da melhoria da sa\u00fade dos trabalhadores envolvidos com essa&nbsp;cultura.<\/p>\n\n\n\n<p>Durante evento alusivo ao Dia Mundial sem Tabaco, o Inca exibir\u00e1 estrat\u00e9gias que visam \u00e0&nbsp;redu\u00e7\u00e3o do consumo. O \u00f3rg\u00e3o do Minist\u00e9rio da Sa\u00fade receber\u00e1, na ocasi\u00e3o, pr\u00eamio da Organiza\u00e7\u00e3o Pan-Americana da Sa\u00fade (Opas) em reconhecimento \u00e0s a\u00e7\u00f5es que contribuem para a diminui\u00e7\u00e3o do consumo de produtos de tabaco no pa\u00eds. Em parceria com as secretarias estadual e municipal de Sa\u00fade do Rio de Janeiro, o Inca promove ainda a\u00e7\u00e3o&nbsp;na Pra\u00e7a da Cruz Vermelha, regi\u00e3o central da capital fluminense, destinada \u00e0 sensibiliza\u00e7\u00e3o de tabagistas para que parem de fumar. Ser\u00e3o distribu\u00eddos materiais informativos \u00e0 popula\u00e7\u00e3o.&nbsp;<\/p>\n\n\n\n<p>Edi\u00e7\u00e3o: Gra\u00e7a Adjuto<\/p>\n","protected":false},"excerpt":{"rendered":"<p>Pesquisa divulgada pelo Inca marca o Dia Mundial sem Tabaco Por Alana Gandra &#8211; Rep\u00f3rter<\/p>\n","protected":false},"author":2,"featured_media":60479,"comment_status":"open","ping_status":"open","sticky":false,"template":"","format":"standard","meta":{"footnotes":""},"categories":[17],"tags":[],"class_list":["post-60478","post","type-post","status-publish","format-standard","has-post-thumbnail","hentry","category-outras-noticias"],"_links":{"self":[{"href":"https:\/\/tvc16.com\/portal\/wp-json\/wp\/v2\/posts\/60478","targetHints":{"allow":["GET"]}}],"collection":[{"href":"https:\/\/tvc16.com\/portal\/wp-json\/wp\/v2\/posts"}],"about":[{"href":"https:\/\/tvc16.com\/portal\/wp-json\/wp\/v2\/types\/post"}],"author":[{"embeddable":true,"href":"https:\/\/tvc16.com\/portal\/wp-json\/wp\/v2\/users\/2"}],"replies":[{"embeddable":true,"href":"https:\/\/tvc16.com\/portal\/wp-json\/wp\/v2\/comments?post=60478"}],"version-history":[{"count":1,"href":"https:\/\/tvc16.com\/portal\/wp-json\/wp\/v2\/posts\/60478\/revisions"}],"predecessor-version":[{"id":60480,"href":"https:\/\/tvc16.com\/portal\/wp-json\/wp\/v2\/posts\/60478\/revisions\/60480"}],"wp:featuredmedia":[{"embeddable":true,"href":"https:\/\/tvc16.com\/portal\/wp-json\/wp\/v2\/media\/60479"}],"wp:attachment":[{"href":"https:\/\/tvc16.com\/portal\/wp-json\/wp\/v2\/media?parent=60478"}],"wp:term":[{"taxonomy":"category","embeddable":true,"href":"https:\/\/tvc16.com\/portal\/wp-json\/wp\/v2\/categories?post=60478"},{"taxonomy":"post_tag","embeddable":true,"href":"https:\/\/tvc16.com\/portal\/wp-json\/wp\/v2\/tags?post=60478"}],"curies":[{"name":"wp","href":"https:\/\/api.w.org\/{rel}","templated":true}]}}