{"id":6050,"date":"2020-11-18T20:51:57","date_gmt":"2020-11-18T23:51:57","guid":{"rendered":"https:\/\/tvc16.com\/portal\/?p=6050"},"modified":"2020-11-18T21:08:39","modified_gmt":"2020-11-19T00:08:39","slug":"rua-teresa-com-descontos-de-ate-40-na-fashion-friday","status":"publish","type":"post","link":"https:\/\/tvc16.com\/portal\/2020\/11\/18\/rua-teresa-com-descontos-de-ate-40-na-fashion-friday\/","title":{"rendered":"Rua Teresa com descontos de at\u00e9 40% na Fashion Friday"},"content":{"rendered":"\n<p><strong>Lojas aderem ao per\u00edodo de promo\u00e7\u00e3o mais esperado do ano<\/strong><\/p>\n\n\n\n<p>Novembro \u00e9 o m\u00eas das promo\u00e7\u00f5es no Brasil que segue uma pr\u00e1tica criada nos Estados Unidos em que lojistas oferecem produtos com descontos atraentes, j\u00e1 iniciando o per\u00edodo de compras de fim de ano. A&nbsp;<strong>Rua Teresa<\/strong>, sendo o maior polo de moda de Petr\u00f3polis, n\u00e3o ficaria de fora. As marcas optaram por oferecer descontos que chegam at\u00e9 40%&nbsp;<em>off<\/em>&nbsp;em pe\u00e7as selecionadas.<\/p>\n\n\n\n<p>\u201cA Rua Teresa acompanha a tend\u00eancia do mercado. Esse per\u00edodo de descontos come\u00e7ou na internet, em grandes lojas de eletroeletr\u00f4nicos, mas se tornou t\u00e3o popular que expandiu para o varejo e outros segmentos. Promo\u00e7\u00e3o sempre atrai os clientes. \u00c9 uma oportunidade que ele tem de conhecer as pe\u00e7as, conferir a qualidade dos produtos e virar f\u00e3 da marca. Pode ser o come\u00e7o de uma fideliza\u00e7\u00e3o daquele cliente\u201d, conta Denise Fiorini, presidente da Associa\u00e7\u00e3o da Rua Teresa (ARTE).<\/p>\n\n\n\n<p>E para a edi\u00e7\u00e3o deste ano, a ARTE decidiu mudar o nome que normalmente \u00e9 utilizado para caracterizar os dias de promo\u00e7\u00e3o. Na&nbsp;<strong>Rua Teresa<\/strong>&nbsp;o per\u00edodo ser\u00e1 chamado de&nbsp;<strong><em>Fashion Friday<\/em><\/strong>. Palavras que remetem ao polo de moda e ao evento de mercado. A origem do termo original \u00e9 desconhecida. S\u00e3o, pelo menos, quatro teorias que embasam a escolha do nome. Uma dessas teorias remete ao racismo. Ela diz que o termo teria sido usado em um dia (sexta-feira) que era destinado a compra e venda de pessoas negras nos EUA.<\/p>\n\n\n\n<p>\u201cA Rua Teresa \u00e9 um polo de moda plural, que atende a todos os estilos de pessoas. N\u00e3o queremos associar nossa marca a um termo que pode ser discriminat\u00f3rio de alguma maneira. Nossa inten\u00e7\u00e3o \u00e9 ver as pessoas felizes com nossos produtos, podendo exteriorizar o que sentem e suas personalidades do jeito que elas s\u00e3o\u201d, explica Nathalia Neumann Duriez Mendes, empres\u00e1ria da Rua Teresa e respons\u00e1vel pela comunica\u00e7\u00e3o institucional da ARTE.<\/p>\n\n\n\n<p>A&nbsp;<strong>Rua Teresa<\/strong>&nbsp;j\u00e1 est\u00e1 com a cole\u00e7\u00e3o Primavera\/Ver\u00e3o 2021 nas vitrines, e as marcas selecionaram pe\u00e7as especiais para o&nbsp;<strong><em>Fashion Friday<\/em><\/strong>. Os descontos come\u00e7am em 10% e podem chegar at\u00e9 40%. Os detalhes est\u00e3o no&nbsp;<em>Instagram<\/em>&nbsp;da Rua @ruateresaoficial. E mais uma dica: no feriado estadual da Consci\u00eancia Negra, celebrado dia 20 de novembro, as lojas do polo de moda est\u00e3o autorizadas a funcionar. Consulte nosso Instagram ou sua marca preferida.&nbsp;<\/p>\n\n\n\n<p><strong>Siga a Rua!<\/strong><\/p>\n\n\n\n<p><strong>@ruateresaoficial<\/strong><\/p>\n","protected":false},"excerpt":{"rendered":"<p>Lojas aderem ao per\u00edodo de promo\u00e7\u00e3o mais esperado do ano Novembro \u00e9 o m\u00eas das<\/p>\n","protected":false},"author":2,"featured_media":4041,"comment_status":"open","ping_status":"open","sticky":false,"template":"","format":"standard","meta":{"footnotes":""},"categories":[12],"tags":[],"class_list":["post-6050","post","type-post","status-publish","format-standard","has-post-thumbnail","hentry","category-cidade"],"_links":{"self":[{"href":"https:\/\/tvc16.com\/portal\/wp-json\/wp\/v2\/posts\/6050","targetHints":{"allow":["GET"]}}],"collection":[{"href":"https:\/\/tvc16.com\/portal\/wp-json\/wp\/v2\/posts"}],"about":[{"href":"https:\/\/tvc16.com\/portal\/wp-json\/wp\/v2\/types\/post"}],"author":[{"embeddable":true,"href":"https:\/\/tvc16.com\/portal\/wp-json\/wp\/v2\/users\/2"}],"replies":[{"embeddable":true,"href":"https:\/\/tvc16.com\/portal\/wp-json\/wp\/v2\/comments?post=6050"}],"version-history":[{"count":1,"href":"https:\/\/tvc16.com\/portal\/wp-json\/wp\/v2\/posts\/6050\/revisions"}],"predecessor-version":[{"id":6052,"href":"https:\/\/tvc16.com\/portal\/wp-json\/wp\/v2\/posts\/6050\/revisions\/6052"}],"wp:featuredmedia":[{"embeddable":true,"href":"https:\/\/tvc16.com\/portal\/wp-json\/wp\/v2\/media\/4041"}],"wp:attachment":[{"href":"https:\/\/tvc16.com\/portal\/wp-json\/wp\/v2\/media?parent=6050"}],"wp:term":[{"taxonomy":"category","embeddable":true,"href":"https:\/\/tvc16.com\/portal\/wp-json\/wp\/v2\/categories?post=6050"},{"taxonomy":"post_tag","embeddable":true,"href":"https:\/\/tvc16.com\/portal\/wp-json\/wp\/v2\/tags?post=6050"}],"curies":[{"name":"wp","href":"https:\/\/api.w.org\/{rel}","templated":true}]}}