{"id":6053,"date":"2020-11-18T20:58:30","date_gmt":"2020-11-18T23:58:30","guid":{"rendered":"https:\/\/tvc16.com\/portal\/?p=6053"},"modified":"2020-11-18T20:58:33","modified_gmt":"2020-11-18T23:58:33","slug":"eleicoes-2020-ramon-mello-declara-apoio-a-rubens-bomtempo-no-segundo-turno","status":"publish","type":"post","link":"https:\/\/tvc16.com\/portal\/2020\/11\/18\/eleicoes-2020-ramon-mello-declara-apoio-a-rubens-bomtempo-no-segundo-turno\/","title":{"rendered":"Elei\u00e7\u00f5es 2020: Ramon Mello declara apoio a Rubens Bomtempo no segundo turno"},"content":{"rendered":"\n<p><em>Candidato do Avante destacou compromisso com retomada da economia e do cuidado com as comunidades<\/em><\/p>\n\n\n\n<p>O candidato do PSB \u00e0 Prefeitura, Rubens Bomtempo, recebeu, nesta quarta-feira, 18, o apoio de Ramon Mello, que se candidatou ao cargo pelo Avante. Ramon comunicou a decis\u00e3o aos seus correligion\u00e1rios em um evento realizado em Corr\u00eaas e destacou que, no segundo turno, Bomtempo representa a esperan\u00e7a de mudar a cidade e tir\u00e1-la do estado de abandono deixado pelo atual governo.<\/p>\n\n\n\n<p>\u201cO eleitor mostrou que a cidade quer um outro caminho. Conversei com Bomtempo e ele deixou claro a necessidade de o prefeito estar conectado com a sociedade. Isso nos agrada, pois queremos a retomada da cidade e o resgate da dignidade dos petropolitanos. Entramos animados para dar ao petropolitano todo o respeito para ter um prefeito que olhe verdadeiramente para as comunidades\u201d, disse Ramon.<\/p>\n\n\n\n<p>Bomtempo recebeu com alegria o apoio de Ramon Mello. \u201cO momento \u00e9 de unir todas as for\u00e7as da sociedade petropolitana. O Ramon \u00e9 uma lideran\u00e7a jovem que mostrou, no primeiro turno, inconformismo com o estado de coisas da cidade atualmente. E esse tamb\u00e9m \u00e9 o nosso sentimento. Temos um projeto para resgatar a economia, a sa\u00fade e os servi\u00e7os p\u00fablicos como um todo. Todos juntos vamos reconstruir Petr\u00f3polis\u201d, disse o candidato da coliga\u00e7\u00e3o \u201cUnidos por Petr\u00f3polis &#8211; Trabalho, Experi\u00eancia e Esperan\u00e7a\u201d.<\/p>\n\n\n\n<p>Em seu discurso, Ramon Mello lembrou ainda que n\u00e3o \u00e9 a primeira vez que une for\u00e7as com Rubens Bomtempo. Nas elei\u00e7\u00f5es de 2016, ele apoiou a candidatura de Bomtempo. \u201cH\u00e1 quatro anos tivemos juntos na mesma trincheira. Agora \u00e9 preciso vencer o medo, a desilus\u00e3o do nosso povo e as covardias que fizeram com as nossas comunidades. \u00c9 preciso trocar a descren\u00e7a pela cren\u00e7a na real mudan\u00e7a. Receba o meu apoio ao seu projeto de resgate da esperan\u00e7a da nossa gente\u201d, afirmou Ramon.<\/p>\n","protected":false},"excerpt":{"rendered":"<p>Candidato do Avante destacou compromisso com retomada da economia e do cuidado com as comunidades<\/p>\n","protected":false},"author":2,"featured_media":6054,"comment_status":"open","ping_status":"open","sticky":false,"template":"","format":"standard","meta":{"footnotes":""},"categories":[12],"tags":[],"class_list":["post-6053","post","type-post","status-publish","format-standard","has-post-thumbnail","hentry","category-cidade"],"_links":{"self":[{"href":"https:\/\/tvc16.com\/portal\/wp-json\/wp\/v2\/posts\/6053","targetHints":{"allow":["GET"]}}],"collection":[{"href":"https:\/\/tvc16.com\/portal\/wp-json\/wp\/v2\/posts"}],"about":[{"href":"https:\/\/tvc16.com\/portal\/wp-json\/wp\/v2\/types\/post"}],"author":[{"embeddable":true,"href":"https:\/\/tvc16.com\/portal\/wp-json\/wp\/v2\/users\/2"}],"replies":[{"embeddable":true,"href":"https:\/\/tvc16.com\/portal\/wp-json\/wp\/v2\/comments?post=6053"}],"version-history":[{"count":1,"href":"https:\/\/tvc16.com\/portal\/wp-json\/wp\/v2\/posts\/6053\/revisions"}],"predecessor-version":[{"id":6055,"href":"https:\/\/tvc16.com\/portal\/wp-json\/wp\/v2\/posts\/6053\/revisions\/6055"}],"wp:featuredmedia":[{"embeddable":true,"href":"https:\/\/tvc16.com\/portal\/wp-json\/wp\/v2\/media\/6054"}],"wp:attachment":[{"href":"https:\/\/tvc16.com\/portal\/wp-json\/wp\/v2\/media?parent=6053"}],"wp:term":[{"taxonomy":"category","embeddable":true,"href":"https:\/\/tvc16.com\/portal\/wp-json\/wp\/v2\/categories?post=6053"},{"taxonomy":"post_tag","embeddable":true,"href":"https:\/\/tvc16.com\/portal\/wp-json\/wp\/v2\/tags?post=6053"}],"curies":[{"name":"wp","href":"https:\/\/api.w.org\/{rel}","templated":true}]}}