{"id":6056,"date":"2020-11-18T21:00:57","date_gmt":"2020-11-19T00:00:57","guid":{"rendered":"https:\/\/tvc16.com\/portal\/?p=6056"},"modified":"2020-11-18T21:03:53","modified_gmt":"2020-11-19T00:03:53","slug":"bispo-diocesano-de-petropolis-dom-gregorio-paixao-e-diagnosticado-com-covid-19","status":"publish","type":"post","link":"https:\/\/tvc16.com\/portal\/2020\/11\/18\/bispo-diocesano-de-petropolis-dom-gregorio-paixao-e-diagnosticado-com-covid-19\/","title":{"rendered":"Bispo diocesano, de Petr\u00f3polis, Dom Greg\u00f3rio Paix\u00e3o \u00e9 diagnosticado com Covid-19"},"content":{"rendered":"\n<p>O Bispo diocesano Dom Greg\u00f3rio Paix\u00e3o informou nesta quarta-feira (18) que foi diagnosticado com Covid-19. No comunicado ele contou que fazia exames de rotina quando descobriu a doen\u00e7a e esta assintom\u00e1tico.<\/p>\n\n\n\n<p>&#8220;Eu j\u00e1 havia feito mais de oito exames, que sempre deram negativos. A contamina\u00e7\u00e3o deve ter se dado h\u00e1 poucos dias e o m\u00e9dico j\u00e1 me receitou os medicamentos necess\u00e1rios, al\u00e9m de um recolhimento de 14 dias obrigat\u00f3rios. Fa\u00e7o esse comunicado para evitar alardes e para que todos saibam que estou bem, gra\u00e7as a Deus&#8221;, diz a nota.<\/p>\n\n\n\n<div class=\"wp-block-image is-style-rounded\"><figure class=\"aligncenter size-large\"><img loading=\"lazy\" decoding=\"async\" width=\"274\" height=\"274\" src=\"https:\/\/tvc16.com\/portal\/wp-content\/uploads\/2020\/11\/126046676_3613936115334890_2586576859692535622_n.jpg\" alt=\"\" class=\"wp-image-6057\" srcset=\"https:\/\/tvc16.com\/portal\/wp-content\/uploads\/2020\/11\/126046676_3613936115334890_2586576859692535622_n.jpg 274w, https:\/\/tvc16.com\/portal\/wp-content\/uploads\/2020\/11\/126046676_3613936115334890_2586576859692535622_n-150x150.jpg 150w\" sizes=\"auto, (max-width: 274px) 100vw, 274px\" \/><\/figure><\/div>\n","protected":false},"excerpt":{"rendered":"<p>O Bispo diocesano Dom Greg\u00f3rio Paix\u00e3o informou nesta quarta-feira (18) que foi diagnosticado com Covid-19.<\/p>\n","protected":false},"author":2,"featured_media":6059,"comment_status":"open","ping_status":"open","sticky":false,"template":"","format":"standard","meta":{"footnotes":""},"categories":[12],"tags":[],"class_list":["post-6056","post","type-post","status-publish","format-standard","has-post-thumbnail","hentry","category-cidade"],"_links":{"self":[{"href":"https:\/\/tvc16.com\/portal\/wp-json\/wp\/v2\/posts\/6056","targetHints":{"allow":["GET"]}}],"collection":[{"href":"https:\/\/tvc16.com\/portal\/wp-json\/wp\/v2\/posts"}],"about":[{"href":"https:\/\/tvc16.com\/portal\/wp-json\/wp\/v2\/types\/post"}],"author":[{"embeddable":true,"href":"https:\/\/tvc16.com\/portal\/wp-json\/wp\/v2\/users\/2"}],"replies":[{"embeddable":true,"href":"https:\/\/tvc16.com\/portal\/wp-json\/wp\/v2\/comments?post=6056"}],"version-history":[{"count":2,"href":"https:\/\/tvc16.com\/portal\/wp-json\/wp\/v2\/posts\/6056\/revisions"}],"predecessor-version":[{"id":6060,"href":"https:\/\/tvc16.com\/portal\/wp-json\/wp\/v2\/posts\/6056\/revisions\/6060"}],"wp:featuredmedia":[{"embeddable":true,"href":"https:\/\/tvc16.com\/portal\/wp-json\/wp\/v2\/media\/6059"}],"wp:attachment":[{"href":"https:\/\/tvc16.com\/portal\/wp-json\/wp\/v2\/media?parent=6056"}],"wp:term":[{"taxonomy":"category","embeddable":true,"href":"https:\/\/tvc16.com\/portal\/wp-json\/wp\/v2\/categories?post=6056"},{"taxonomy":"post_tag","embeddable":true,"href":"https:\/\/tvc16.com\/portal\/wp-json\/wp\/v2\/tags?post=6056"}],"curies":[{"name":"wp","href":"https:\/\/api.w.org\/{rel}","templated":true}]}}