{"id":6079,"date":"2020-11-19T11:35:00","date_gmt":"2020-11-19T14:35:00","guid":{"rendered":"https:\/\/tvc16.com\/portal\/?p=6079"},"modified":"2020-11-19T11:35:03","modified_gmt":"2020-11-19T14:35:03","slug":"ocorrencias-sao-registradas-na-cidade-apos-temporal","status":"publish","type":"post","link":"https:\/\/tvc16.com\/portal\/2020\/11\/19\/ocorrencias-sao-registradas-na-cidade-apos-temporal\/","title":{"rendered":"Ocorr\u00eancias s\u00e3o registradas na cidade ap\u00f3s temporal"},"content":{"rendered":"\n<p>A Secretaria de Defesa Civil e A\u00e7\u00f5es Volunt\u00e1rias registrou oito ocorr\u00eancias entre \u00e0s 23h20 de ontem (18\/11) e \u00e0s 10h de hoje (19) devido \u00e0s fortes chuvas em alguns pontos da cidade. Foram cinco deslizamentos de terra, um deles atingiu uma casa no Independ\u00eancia. T\u00e9cnicos estiveram no local para avaliar os danos. A resid\u00eancia estava vazia e a propriet\u00e1ria, que mora em outro bairro, j\u00e1 foi localizada e informada pelos agentes sobre o ocorrido. O local est\u00e1 interditado.<\/p>\n\n\n\n<figure class=\"wp-block-image size-large\"><img loading=\"lazy\" decoding=\"async\" width=\"1024\" height=\"576\" src=\"https:\/\/tvc16.com\/portal\/wp-content\/uploads\/2020\/11\/WhatsApp-Image-2020-11-19-at-11.25.53-1024x576.jpeg\" alt=\"\" class=\"wp-image-6081\" srcset=\"https:\/\/tvc16.com\/portal\/wp-content\/uploads\/2020\/11\/WhatsApp-Image-2020-11-19-at-11.25.53-1024x576.jpeg 1024w, https:\/\/tvc16.com\/portal\/wp-content\/uploads\/2020\/11\/WhatsApp-Image-2020-11-19-at-11.25.53-300x169.jpeg 300w, https:\/\/tvc16.com\/portal\/wp-content\/uploads\/2020\/11\/WhatsApp-Image-2020-11-19-at-11.25.53-768x432.jpeg 768w, https:\/\/tvc16.com\/portal\/wp-content\/uploads\/2020\/11\/WhatsApp-Image-2020-11-19-at-11.25.53.jpeg 1032w\" sizes=\"auto, (max-width: 1024px) 100vw, 1024px\" \/><\/figure>\n\n\n\n<p>Os outros deslizamentos aconteceram no Quitandinha, Provis\u00f3ria, Alto da Serra e S\u00e3o Sebasti\u00e3o. A Secretaria de Assist\u00eancia Social est\u00e1 acompanhando os casos que necessitam de aux\u00edlio.<\/p>\n\n\n\n<p>A Defesa Civil tamb\u00e9m registrou pontos de alagamentos no Centro e nos distritos. N\u00e3o houve feridos nas ocorr\u00eancias.<\/p>\n\n\n\n<p>As equipes de limpeza da Comdep e SSOP est\u00e3o atuando em diversas localidades, com raspagem de terra na Rua Coronel Veiga, al\u00e9m de capina em Cascatinha e no Samambaia, nas ruas Humberto Rovigatti, Isolina de Freitas, Eunice Tyll, Abade Palma, Gabriel Vieira e Bernardo Proen\u00e7a (CIEP). Tamb\u00e9m h\u00e1 servi\u00e7o de ro\u00e7ada na Rua Humberto Rovigatti e no Loteamento Samambaia.<\/p>\n\n\n\n<p>A limpeza tamb\u00e9m continua na Vila Rica e em Pedro do Rio, desde a chuva registrada na \u00faltima segunda-feira (16\/11).<\/p>\n","protected":false},"excerpt":{"rendered":"<p>A Secretaria de Defesa Civil e A\u00e7\u00f5es Volunt\u00e1rias registrou oito ocorr\u00eancias entre \u00e0s 23h20 de<\/p>\n","protected":false},"author":2,"featured_media":6080,"comment_status":"open","ping_status":"open","sticky":false,"template":"","format":"standard","meta":{"footnotes":""},"categories":[12],"tags":[],"class_list":["post-6079","post","type-post","status-publish","format-standard","has-post-thumbnail","hentry","category-cidade"],"_links":{"self":[{"href":"https:\/\/tvc16.com\/portal\/wp-json\/wp\/v2\/posts\/6079","targetHints":{"allow":["GET"]}}],"collection":[{"href":"https:\/\/tvc16.com\/portal\/wp-json\/wp\/v2\/posts"}],"about":[{"href":"https:\/\/tvc16.com\/portal\/wp-json\/wp\/v2\/types\/post"}],"author":[{"embeddable":true,"href":"https:\/\/tvc16.com\/portal\/wp-json\/wp\/v2\/users\/2"}],"replies":[{"embeddable":true,"href":"https:\/\/tvc16.com\/portal\/wp-json\/wp\/v2\/comments?post=6079"}],"version-history":[{"count":1,"href":"https:\/\/tvc16.com\/portal\/wp-json\/wp\/v2\/posts\/6079\/revisions"}],"predecessor-version":[{"id":6082,"href":"https:\/\/tvc16.com\/portal\/wp-json\/wp\/v2\/posts\/6079\/revisions\/6082"}],"wp:featuredmedia":[{"embeddable":true,"href":"https:\/\/tvc16.com\/portal\/wp-json\/wp\/v2\/media\/6080"}],"wp:attachment":[{"href":"https:\/\/tvc16.com\/portal\/wp-json\/wp\/v2\/media?parent=6079"}],"wp:term":[{"taxonomy":"category","embeddable":true,"href":"https:\/\/tvc16.com\/portal\/wp-json\/wp\/v2\/categories?post=6079"},{"taxonomy":"post_tag","embeddable":true,"href":"https:\/\/tvc16.com\/portal\/wp-json\/wp\/v2\/tags?post=6079"}],"curies":[{"name":"wp","href":"https:\/\/api.w.org\/{rel}","templated":true}]}}