{"id":6087,"date":"2020-11-19T13:57:22","date_gmt":"2020-11-19T16:57:22","guid":{"rendered":"https:\/\/tvc16.com\/portal\/?p=6087"},"modified":"2020-11-19T13:57:26","modified_gmt":"2020-11-19T16:57:26","slug":"propaganda-eleitoral-no-radio-e-na-tv-volta-nesta-sexta-20","status":"publish","type":"post","link":"https:\/\/tvc16.com\/portal\/2020\/11\/19\/propaganda-eleitoral-no-radio-e-na-tv-volta-nesta-sexta-20\/","title":{"rendered":"Propaganda eleitoral no r\u00e1dio e na TV volta nesta sexta (20)"},"content":{"rendered":"\n<p>Eleitores de 57 cidades v\u00e3o definir prefeitos no dia 29 de novembro<\/p>\n\n\n\n<p>O hor\u00e1rio eleitoral gratuito nas emissoras de r\u00e1dio e TV referente ao segundo turno das Elei\u00e7\u00f5es Municipais de 2020 come\u00e7a nesta sexta-feira (20). A propaganda vai estar liberada at\u00e9 27 de novembro, dois dias antes da vota\u00e7\u00e3o prevista para 29 de novembro.&nbsp;<br>&nbsp;<br>Os postulantes ao cargo de prefeito ter\u00e3o o mesmo tempo para a propaganda eleitoral. Ser\u00e3o dois blocos fixos no r\u00e1dio, das 7h \u00e0s 7h10 e das 12h \u00e0s 12h10. J\u00e1 na TV, as transmiss\u00f5es ocorrem das 13h \u00e0s 13h10 e das 20h30 \u00e0s 20h40.&nbsp;<\/p>\n\n\n\n<p><strong><a href=\"https:\/\/brasil61.com\/noticias\/centralizacao-de-votos-no-tse-nao-fragiliza-seguranca-da-votacao-dizem-especialistas-bras202669\">Centraliza\u00e7\u00e3o de votos no TSE n\u00e3o fragiliza seguran\u00e7a da vota\u00e7\u00e3o, dizem especialistas<\/a><\/strong><\/p>\n\n\n\n<p><strong><a href=\"https:\/\/brasil61.com\/noticias\/nao-votou-saiba-como-justifica-a-ausencia-nas-urnas-nas-eleicoes-2020-bras202614\">N\u00e3o votou? Saiba como justificar a aus\u00eancia nas urnas nas Elei\u00e7\u00f5es 2020<\/a><\/strong><\/p>\n\n\n\n<p><strong><a href=\"https:\/\/brasil61.com\/noticias\/eleicoes-2020-campanha-para-segundo-turno-comeca-em-57-cidades-bras202634\">Elei\u00e7\u00f5es 2020: Campanha para segundo turno come\u00e7a em 57 cidades<\/a><\/strong><\/p>\n\n\n\n<p>As emissoras de r\u00e1dio e televis\u00e3o aberta e por assinatura dever\u00e3o reservar, tamb\u00e9m, 25 minutos di\u00e1rios para uso em inser\u00e7\u00f5es de 30 e de 60 segundos, levando-se em conta os seguintes blocos de audi\u00eancia: entre 5h e 11h; entre 11h e 18h; e das 18h \u00e0 meia-noite.<br>&nbsp;<br>Cinquenta e sete munic\u00edpios com mais de 200 mil eleitores v\u00e3o ter segundo turno. Os cidad\u00e3os dessas cidades v\u00e3o escolher os seus prefeitos para os pr\u00f3ximos quatro anos.&nbsp;<\/p>\n\n\n\n<p>Fonte: <a href=\"https:\/\/brasil61.com\/noticias\/propaganda-eleitoral-no-radio-e-na-tv-volta-nesta-sexta-20-bras202671?email=bethdeoliveira@yahoo.com.br&amp;utm_source=newsletter&amp;utm_medium=newsletter&amp;utm_campaign=newsletter\" target=\"_blank\" rel=\"noreferrer noopener\">Brasil 61<\/a><\/p>\n","protected":false},"excerpt":{"rendered":"<p>Eleitores de 57 cidades v\u00e3o definir prefeitos no dia 29 de novembro O hor\u00e1rio eleitoral<\/p>\n","protected":false},"author":2,"featured_media":6088,"comment_status":"open","ping_status":"open","sticky":false,"template":"","format":"standard","meta":{"footnotes":""},"categories":[15],"tags":[],"class_list":["post-6087","post","type-post","status-publish","format-standard","has-post-thumbnail","hentry","category-politica"],"_links":{"self":[{"href":"https:\/\/tvc16.com\/portal\/wp-json\/wp\/v2\/posts\/6087","targetHints":{"allow":["GET"]}}],"collection":[{"href":"https:\/\/tvc16.com\/portal\/wp-json\/wp\/v2\/posts"}],"about":[{"href":"https:\/\/tvc16.com\/portal\/wp-json\/wp\/v2\/types\/post"}],"author":[{"embeddable":true,"href":"https:\/\/tvc16.com\/portal\/wp-json\/wp\/v2\/users\/2"}],"replies":[{"embeddable":true,"href":"https:\/\/tvc16.com\/portal\/wp-json\/wp\/v2\/comments?post=6087"}],"version-history":[{"count":1,"href":"https:\/\/tvc16.com\/portal\/wp-json\/wp\/v2\/posts\/6087\/revisions"}],"predecessor-version":[{"id":6089,"href":"https:\/\/tvc16.com\/portal\/wp-json\/wp\/v2\/posts\/6087\/revisions\/6089"}],"wp:featuredmedia":[{"embeddable":true,"href":"https:\/\/tvc16.com\/portal\/wp-json\/wp\/v2\/media\/6088"}],"wp:attachment":[{"href":"https:\/\/tvc16.com\/portal\/wp-json\/wp\/v2\/media?parent=6087"}],"wp:term":[{"taxonomy":"category","embeddable":true,"href":"https:\/\/tvc16.com\/portal\/wp-json\/wp\/v2\/categories?post=6087"},{"taxonomy":"post_tag","embeddable":true,"href":"https:\/\/tvc16.com\/portal\/wp-json\/wp\/v2\/tags?post=6087"}],"curies":[{"name":"wp","href":"https:\/\/api.w.org\/{rel}","templated":true}]}}