{"id":6090,"date":"2020-11-19T13:58:50","date_gmt":"2020-11-19T16:58:50","guid":{"rendered":"https:\/\/tvc16.com\/portal\/?p=6090"},"modified":"2020-11-19T13:58:51","modified_gmt":"2020-11-19T16:58:51","slug":"agencias-do-inss-nao-abrem-na-proxima-segunda-feira-23","status":"publish","type":"post","link":"https:\/\/tvc16.com\/portal\/2020\/11\/19\/agencias-do-inss-nao-abrem-na-proxima-segunda-feira-23\/","title":{"rendered":"Ag\u00eancias do INSS n\u00e3o abrem na pr\u00f3xima segunda-feira (23)"},"content":{"rendered":"\n<p>Suspens\u00e3o do atendimento ocorre por causa do ponto facultativo do servidor p\u00fablico, transferido do dia 28 de outubro para 23 de novembro<\/p>\n\n\n\n<p>O <a href=\"https:\/\/www.gov.br\/inss\/pt-br\">INSS<\/a> n\u00e3o vai atender aposentados e pensionistas presencialmente na pr\u00f3xima segunda-feira (23). As ag\u00eancias de atendimento v\u00e3o estar fechadas por causa do ponto facultativo relativo ao dia do servidor p\u00fablico, que foi transferido de 28 de outubro para 23 de novembro.<\/p>\n\n\n\n<p>A op\u00e7\u00e3o do \u00f3rg\u00e3o pela transfer\u00eancia do ponto facultativo se deu para desafogar o atendimento nas ag\u00eancias, que cuidam dos pedidos e processos acumulados ao longo da pandemia da Covid-19. Com as ag\u00eancias fechadas, os cidad\u00e3os podem buscar atendimento pelo aplicativo <a href=\"https:\/\/meu.inss.gov.br\/central\/#\/login?redirectUrl=\/\">Meu INSS<\/a>. Al\u00e9m disso, \u00e9 poss\u00edvel tirar d\u00favidas pelo telefone 135, que funciona de segunda a s\u00e1bado, das 7h \u00e0s 22h.<\/p>\n\n\n\n<p><strong><a href=\"https:\/\/brasil61.com\/noticias\/tcu-avalia-efeitos-da-pandemia-na-previdencia-social-bras202433\">TCU avalia efeitos da pandemia na Previd\u00eancia Social<\/a><\/strong><\/p>\n\n\n\n<p><strong><a href=\"https:\/\/brasil61.com\/noticias\/prazo-para-solicitar-antecipacao-do-auxilio-doenca-e-prorrogado-ate-30-de-novembro-bras202463\">Prazo para solicitar antecipa\u00e7\u00e3o do aux\u00edlio-doen\u00e7a \u00e9 prorrogado at\u00e9 30 de novembro<\/a><\/strong><\/p>\n\n\n\n<p><a href=\"https:\/\/brasil61.com\/noticias\/acordo-entre-mpf-inss-e-uniao-diminui-prazo-para-realizacao-de-pericia-medida-e-avaliacao-social-bras202642\"><strong>Acordo entre MPF, INSS e Uni\u00e3o diminui prazo para realiza\u00e7\u00e3o de per\u00edcia m\u00e9dica e avalia\u00e7\u00e3o social<\/strong><\/a><\/p>\n\n\n\n<p>Fonte: <a href=\"https:\/\/brasil61.com\/noticias\/agencias-do-inss-nao-abrem-na-proxima-segunda-feira-23-bras202673?email=bethdeoliveira@yahoo.com.br&amp;utm_source=newsletter&amp;utm_medium=newsletter&amp;utm_campaign=newsletter\" target=\"_blank\" rel=\"noreferrer noopener\">Brasil 61<\/a><\/p>\n","protected":false},"excerpt":{"rendered":"<p>Suspens\u00e3o do atendimento ocorre por causa do ponto facultativo do servidor p\u00fablico, transferido do dia<\/p>\n","protected":false},"author":2,"featured_media":6091,"comment_status":"open","ping_status":"open","sticky":false,"template":"","format":"standard","meta":{"footnotes":""},"categories":[14],"tags":[],"class_list":["post-6090","post","type-post","status-publish","format-standard","has-post-thumbnail","hentry","category-pais"],"_links":{"self":[{"href":"https:\/\/tvc16.com\/portal\/wp-json\/wp\/v2\/posts\/6090","targetHints":{"allow":["GET"]}}],"collection":[{"href":"https:\/\/tvc16.com\/portal\/wp-json\/wp\/v2\/posts"}],"about":[{"href":"https:\/\/tvc16.com\/portal\/wp-json\/wp\/v2\/types\/post"}],"author":[{"embeddable":true,"href":"https:\/\/tvc16.com\/portal\/wp-json\/wp\/v2\/users\/2"}],"replies":[{"embeddable":true,"href":"https:\/\/tvc16.com\/portal\/wp-json\/wp\/v2\/comments?post=6090"}],"version-history":[{"count":1,"href":"https:\/\/tvc16.com\/portal\/wp-json\/wp\/v2\/posts\/6090\/revisions"}],"predecessor-version":[{"id":6092,"href":"https:\/\/tvc16.com\/portal\/wp-json\/wp\/v2\/posts\/6090\/revisions\/6092"}],"wp:featuredmedia":[{"embeddable":true,"href":"https:\/\/tvc16.com\/portal\/wp-json\/wp\/v2\/media\/6091"}],"wp:attachment":[{"href":"https:\/\/tvc16.com\/portal\/wp-json\/wp\/v2\/media?parent=6090"}],"wp:term":[{"taxonomy":"category","embeddable":true,"href":"https:\/\/tvc16.com\/portal\/wp-json\/wp\/v2\/categories?post=6090"},{"taxonomy":"post_tag","embeddable":true,"href":"https:\/\/tvc16.com\/portal\/wp-json\/wp\/v2\/tags?post=6090"}],"curies":[{"name":"wp","href":"https:\/\/api.w.org\/{rel}","templated":true}]}}