{"id":6096,"date":"2020-11-19T14:12:07","date_gmt":"2020-11-19T17:12:07","guid":{"rendered":"https:\/\/tvc16.com\/portal\/?p=6096"},"modified":"2020-11-19T18:17:00","modified_gmt":"2020-11-19T21:17:00","slug":"elias-montes-e-o-segundo-turno-das-eleicoes-municipais-nao-apoiarei-nenhum-dos-dois-candidatos","status":"publish","type":"post","link":"https:\/\/tvc16.com\/portal\/2020\/11\/19\/elias-montes-e-o-segundo-turno-das-eleicoes-municipais-nao-apoiarei-nenhum-dos-dois-candidatos\/","title":{"rendered":"Elias Montes, e o segundo turno das elei\u00e7\u00f5es municipais: &#8220;n\u00e3o apoiarei nenhum dos dois candidatos&#8221;"},"content":{"rendered":"\n<p>O candidato do PSL ficou em quarto lugar com 16.282 (11,40% dos votos v\u00e1lidos)<\/p>\n\n\n\n<p><\/p>\n\n\n\n<p>Nota do Candidato<\/p>\n\n\n\n<p>A democracia deve ser privilegiada e a escolha da maioria pelo voto, respeitada.<\/p>\n\n\n\n<p>Contudo, como candidato a prefeitura de Petr\u00f3polis, n\u00e3o apoiarei nenhum dos dois candidatos.<\/p>\n\n\n\n<p>Minha forma de pensar a cidade \u00e9 muito diferente.<br>Tecnicamente ambos os candidatos n\u00e3o praticaram ou praticam a gest\u00e3o que entendemos como a adequada para cidade.<\/p>\n\n\n\n<p>H\u00e1 ainda a preocupa\u00e7\u00e3o com o crit\u00e9rio ideol\u00f3gico, j\u00e1 que um dos partidos indica em documento oficial a ado\u00e7\u00e3o de uma politica de isolamento pol\u00edtico com o governo Federal (Resolu\u00e7\u00e3o CEN n\u00b0 003\/2020 PSB). Muito preocupante para uma cidade que t\u00eam uma d\u00edvida de um bilh\u00e3o e cem milh\u00f5es de reais aproximadamente e necessita de obras estruturais importantes.<\/p>\n\n\n\n<p>Por essas raz\u00f5es, minha op\u00e7\u00e3o \u00e9 pela neutralidade neste segundo turno de 2020.<\/p>\n\n\n\n<p>Deixo claro que eu, Elias Montes, irei exercer meu direito de voto. De forma velada, mas cumprindo meu papel de cidad\u00e3o para escolher o representante do executivo de nossa amada cidade.<\/p>\n\n\n\n<p>Continuarei trabalhando para dar voz \u00e0queles que me confiaram seu voto para a constru\u00e7\u00e3o de uma cidade melhor.<\/p>\n\n\n\n<p>Deus nos aben\u00e7oe e proteja!<\/p>\n\n\n\n<p>Elias Montes.<\/p>\n\n\n\n<figure class=\"wp-block-image size-large\"><img loading=\"lazy\" decoding=\"async\" width=\"480\" height=\"360\" src=\"https:\/\/tvc16.com\/portal\/wp-content\/uploads\/2020\/11\/hqdefault.jpg\" alt=\"\" class=\"wp-image-6097\" srcset=\"https:\/\/tvc16.com\/portal\/wp-content\/uploads\/2020\/11\/hqdefault.jpg 480w, https:\/\/tvc16.com\/portal\/wp-content\/uploads\/2020\/11\/hqdefault-300x225.jpg 300w, https:\/\/tvc16.com\/portal\/wp-content\/uploads\/2020\/11\/hqdefault-200x150.jpg 200w\" sizes=\"auto, (max-width: 480px) 100vw, 480px\" \/><\/figure>\n","protected":false},"excerpt":{"rendered":"<p>O candidato do PSL ficou em quarto lugar com 16.282 (11,40% dos votos v\u00e1lidos) Nota<\/p>\n","protected":false},"author":2,"featured_media":6098,"comment_status":"open","ping_status":"open","sticky":false,"template":"","format":"standard","meta":{"footnotes":""},"categories":[12],"tags":[],"class_list":["post-6096","post","type-post","status-publish","format-standard","has-post-thumbnail","hentry","category-cidade"],"_links":{"self":[{"href":"https:\/\/tvc16.com\/portal\/wp-json\/wp\/v2\/posts\/6096","targetHints":{"allow":["GET"]}}],"collection":[{"href":"https:\/\/tvc16.com\/portal\/wp-json\/wp\/v2\/posts"}],"about":[{"href":"https:\/\/tvc16.com\/portal\/wp-json\/wp\/v2\/types\/post"}],"author":[{"embeddable":true,"href":"https:\/\/tvc16.com\/portal\/wp-json\/wp\/v2\/users\/2"}],"replies":[{"embeddable":true,"href":"https:\/\/tvc16.com\/portal\/wp-json\/wp\/v2\/comments?post=6096"}],"version-history":[{"count":3,"href":"https:\/\/tvc16.com\/portal\/wp-json\/wp\/v2\/posts\/6096\/revisions"}],"predecessor-version":[{"id":6107,"href":"https:\/\/tvc16.com\/portal\/wp-json\/wp\/v2\/posts\/6096\/revisions\/6107"}],"wp:featuredmedia":[{"embeddable":true,"href":"https:\/\/tvc16.com\/portal\/wp-json\/wp\/v2\/media\/6098"}],"wp:attachment":[{"href":"https:\/\/tvc16.com\/portal\/wp-json\/wp\/v2\/media?parent=6096"}],"wp:term":[{"taxonomy":"category","embeddable":true,"href":"https:\/\/tvc16.com\/portal\/wp-json\/wp\/v2\/categories?post=6096"},{"taxonomy":"post_tag","embeddable":true,"href":"https:\/\/tvc16.com\/portal\/wp-json\/wp\/v2\/tags?post=6096"}],"curies":[{"name":"wp","href":"https:\/\/api.w.org\/{rel}","templated":true}]}}