{"id":6101,"date":"2020-11-19T14:17:49","date_gmt":"2020-11-19T17:17:49","guid":{"rendered":"https:\/\/tvc16.com\/portal\/?p=6101"},"modified":"2020-11-19T14:17:53","modified_gmt":"2020-11-19T17:17:53","slug":"sus-passara-a-contar-com-novo-teste-de-deteccao-da-tuberculose","status":"publish","type":"post","link":"https:\/\/tvc16.com\/portal\/2020\/11\/19\/sus-passara-a-contar-com-novo-teste-de-deteccao-da-tuberculose\/","title":{"rendered":"SUS passar\u00e1 a contar com novo teste de detec\u00e7\u00e3o da tuberculose"},"content":{"rendered":"\n<p>De acordo com a Comiss\u00e3o Nacional de Incorpora\u00e7\u00e3o de Tecnologias no Sistema \u00danico de Sa\u00fade (Conitec), o novo procedimento \u00e9 capaz de prever o desenvolvimento da tuberculose ativa<\/p>\n\n\n\n<p>O teste de libera\u00e7\u00e3o interferon-gama passar\u00e1 a fazer parte do Sistema \u00danico de Sa\u00fade (SUS) em at\u00e9 180 dias. A informa\u00e7\u00e3o consta em portaria publicada recentemente no <a href=\"https:\/\/www.in.gov.br\/consulta\">Di\u00e1rio Oficial da Uni\u00e3o<\/a>. Com isso, os pacientes ter\u00e3o acesso a mais uma op\u00e7\u00e3o no combate \u00e0 tuberculose.<\/p>\n\n\n\n<p>De acordo com a Comiss\u00e3o Nacional de Incorpora\u00e7\u00e3o de Tecnologias no Sistema \u00danico de Sa\u00fade <a href=\"http:\/\/conitec.gov.br\/\">(Conitec)<\/a>, o novo procedimento \u00e9 capaz de prever o desenvolvimento da tuberculose ativa. Por esse motivo, com o m\u00e9todo \u00e9 poss\u00edvel ampliar a orienta\u00e7\u00e3o cl\u00ednica para o diagn\u00f3stico da doen\u00e7a, reduzindo assim o n\u00famero de casos.<\/p>\n\n\n\n<p><a href=\"https:\/\/brasil61.com\/noticias\/governo-federal-abre-consulta-publica-sobre-ampliacao-de-medicamento-contra-leucemia-bras202662\"><strong>Governo Federal abre consulta p\u00fablica sobre amplia\u00e7\u00e3o de medicamento contra leucemia<\/strong><\/a><\/p>\n\n\n\n<p><a href=\"https:\/\/brasil61.com\/noticias\/selecao-para-projetos-de-estruturacao-de-farmacias-vivas-e-prorrogada-bras202636\"><strong>Sele\u00e7\u00e3o para projetos de estrutura\u00e7\u00e3o de Farm\u00e1cias Vivas \u00e9 prorrogada<\/strong><\/a><\/p>\n\n\n\n<p>Hoje em dia, o procedimento utilizado no SUS \u00e9 o tubercul\u00ednico PPD, realizado em duas etapas. A primeira delas \u00e9 a aplica\u00e7\u00e3o do teste, enquanto a segunda diz respeito \u00e0 leitura e interpreta\u00e7\u00e3o do resultado. Por interferon-gama, o processo ser\u00e1 mais \u00e1gil. O paciente precisar\u00e1 se deslocar apenas uma vez ao laborat\u00f3rio.<\/p>\n\n\n\n<p>Fonte: <a href=\"https:\/\/brasil61.com\/noticias\/sus-passara-a-contar-com-novo-teste-de-deteccao-da-tuberculose-bras202675?email=bethdeoliveira@yahoo.com.br&amp;utm_source=newsletter&amp;utm_medium=newsletter&amp;utm_campaign=newsletter\" target=\"_blank\" rel=\"noreferrer noopener\">Brasil 61<\/a><\/p>\n","protected":false},"excerpt":{"rendered":"<p>De acordo com a Comiss\u00e3o Nacional de Incorpora\u00e7\u00e3o de Tecnologias no Sistema \u00danico de Sa\u00fade<\/p>\n","protected":false},"author":2,"featured_media":6102,"comment_status":"open","ping_status":"open","sticky":false,"template":"","format":"standard","meta":{"footnotes":""},"categories":[13],"tags":[],"class_list":["post-6101","post","type-post","status-publish","format-standard","has-post-thumbnail","hentry","category-saude"],"_links":{"self":[{"href":"https:\/\/tvc16.com\/portal\/wp-json\/wp\/v2\/posts\/6101","targetHints":{"allow":["GET"]}}],"collection":[{"href":"https:\/\/tvc16.com\/portal\/wp-json\/wp\/v2\/posts"}],"about":[{"href":"https:\/\/tvc16.com\/portal\/wp-json\/wp\/v2\/types\/post"}],"author":[{"embeddable":true,"href":"https:\/\/tvc16.com\/portal\/wp-json\/wp\/v2\/users\/2"}],"replies":[{"embeddable":true,"href":"https:\/\/tvc16.com\/portal\/wp-json\/wp\/v2\/comments?post=6101"}],"version-history":[{"count":1,"href":"https:\/\/tvc16.com\/portal\/wp-json\/wp\/v2\/posts\/6101\/revisions"}],"predecessor-version":[{"id":6103,"href":"https:\/\/tvc16.com\/portal\/wp-json\/wp\/v2\/posts\/6101\/revisions\/6103"}],"wp:featuredmedia":[{"embeddable":true,"href":"https:\/\/tvc16.com\/portal\/wp-json\/wp\/v2\/media\/6102"}],"wp:attachment":[{"href":"https:\/\/tvc16.com\/portal\/wp-json\/wp\/v2\/media?parent=6101"}],"wp:term":[{"taxonomy":"category","embeddable":true,"href":"https:\/\/tvc16.com\/portal\/wp-json\/wp\/v2\/categories?post=6101"},{"taxonomy":"post_tag","embeddable":true,"href":"https:\/\/tvc16.com\/portal\/wp-json\/wp\/v2\/tags?post=6101"}],"curies":[{"name":"wp","href":"https:\/\/api.w.org\/{rel}","templated":true}]}}