{"id":6110,"date":"2020-11-19T18:25:37","date_gmt":"2020-11-19T21:25:37","guid":{"rendered":"https:\/\/tvc16.com\/portal\/?p=6110"},"modified":"2020-11-19T18:25:39","modified_gmt":"2020-11-19T21:25:39","slug":"eleicoes-2020-a-vitoria-de-bomtempo-e-a-vitoria-de-petropolis-diz-aureo-ribeiro","status":"publish","type":"post","link":"https:\/\/tvc16.com\/portal\/2020\/11\/19\/eleicoes-2020-a-vitoria-de-bomtempo-e-a-vitoria-de-petropolis-diz-aureo-ribeiro\/","title":{"rendered":"Elei\u00e7\u00f5es 2020: \u201cA vit\u00f3ria de Bomtempo \u00e9 a vit\u00f3ria de Petr\u00f3polis\u201d, diz \u00c1ureo Ribeiro"},"content":{"rendered":"\n<p><em>Deputado do Solidariedade refor\u00e7a apoio ao candidato do PSB e garante apoio na C\u00e2mara Federal<\/em><\/p>\n\n\n\n<p>Petr\u00f3polis precisa de experi\u00eancia para se reencontrar. Este foi o diagn\u00f3stico do deputado federal \u00c1ureo Ribeiro, do Solidariedade, um dos mais influentes parlamentares do Rio de Janeiro, em evento de apoio a Rubens Bomtempo na \u00faltima quarta-feira (18). O deputado parabenizou a coliga\u00e7\u00e3o \u201cUnidos por Petr\u00f3polis \u2013 Trabalho, Experi\u00eancia e Esperan\u00e7a\u201d pelo primeiro lugar nas elei\u00e7\u00f5es do \u00faltimo dia 15. Bomtempo se encontrou com candidatos a vereador da chapa, agradeceu ao apoio durante o primeiro turno e refor\u00e7ou o pedido: \u00e9 hora de unir todas as for\u00e7as que desejam retomar a sa\u00fade, a educa\u00e7\u00e3o e os servi\u00e7os p\u00fablicos.<\/p>\n\n\n\n<p>\u201cReafirmo aqui o apoio a essa campanha que conta com muita experi\u00eancia, tanto do Bomtempo quanto do Paulo Mustrangi. Acredito que a cidade precisa reencontrar sua voca\u00e7\u00e3o, o caminho do emprego e renda, gerar oportunidade para a juventude. S\u00f3 com experi\u00eancia que isso \u00e9 poss\u00edvel. Estou muito feliz com esse debate que a cidade est\u00e1 promovendo. A vit\u00f3ria de Bomtempo representa&nbsp; vit\u00f3ria da cidade. A vit\u00f3ria da experi\u00eancia do cidad\u00e3o petropolitano\u201d, destacou \u00c1ureo.<\/p>\n\n\n\n<p><\/p>\n","protected":false},"excerpt":{"rendered":"<p>Deputado do Solidariedade refor\u00e7a apoio ao candidato do PSB e garante apoio na C\u00e2mara Federal<\/p>\n","protected":false},"author":2,"featured_media":6111,"comment_status":"open","ping_status":"open","sticky":false,"template":"","format":"standard","meta":{"footnotes":""},"categories":[12],"tags":[],"class_list":["post-6110","post","type-post","status-publish","format-standard","has-post-thumbnail","hentry","category-cidade"],"_links":{"self":[{"href":"https:\/\/tvc16.com\/portal\/wp-json\/wp\/v2\/posts\/6110","targetHints":{"allow":["GET"]}}],"collection":[{"href":"https:\/\/tvc16.com\/portal\/wp-json\/wp\/v2\/posts"}],"about":[{"href":"https:\/\/tvc16.com\/portal\/wp-json\/wp\/v2\/types\/post"}],"author":[{"embeddable":true,"href":"https:\/\/tvc16.com\/portal\/wp-json\/wp\/v2\/users\/2"}],"replies":[{"embeddable":true,"href":"https:\/\/tvc16.com\/portal\/wp-json\/wp\/v2\/comments?post=6110"}],"version-history":[{"count":1,"href":"https:\/\/tvc16.com\/portal\/wp-json\/wp\/v2\/posts\/6110\/revisions"}],"predecessor-version":[{"id":6112,"href":"https:\/\/tvc16.com\/portal\/wp-json\/wp\/v2\/posts\/6110\/revisions\/6112"}],"wp:featuredmedia":[{"embeddable":true,"href":"https:\/\/tvc16.com\/portal\/wp-json\/wp\/v2\/media\/6111"}],"wp:attachment":[{"href":"https:\/\/tvc16.com\/portal\/wp-json\/wp\/v2\/media?parent=6110"}],"wp:term":[{"taxonomy":"category","embeddable":true,"href":"https:\/\/tvc16.com\/portal\/wp-json\/wp\/v2\/categories?post=6110"},{"taxonomy":"post_tag","embeddable":true,"href":"https:\/\/tvc16.com\/portal\/wp-json\/wp\/v2\/tags?post=6110"}],"curies":[{"name":"wp","href":"https:\/\/api.w.org\/{rel}","templated":true}]}}