{"id":6121,"date":"2020-11-19T18:47:05","date_gmt":"2020-11-19T21:47:05","guid":{"rendered":"https:\/\/tvc16.com\/portal\/?p=6121"},"modified":"2020-11-19T18:47:23","modified_gmt":"2020-11-19T21:47:23","slug":"testes-de-covid-19-continuam-nesta-sexta-feira","status":"publish","type":"post","link":"https:\/\/tvc16.com\/portal\/2020\/11\/19\/testes-de-covid-19-continuam-nesta-sexta-feira\/","title":{"rendered":"Testes de Covid-19 continuam nesta sexta-feira"},"content":{"rendered":"\n<p>A prefeitura informou que dar\u00e1 continuidade ao novo formato de testagem em massa da popula\u00e7\u00e3o nesta sexta-feira (20\/11) em mais dois bairros da cidade. Com in\u00edcio \u00e0s 09h, equipes fixas e m\u00f3veis realizar\u00e3o a testagem no \u00c1guas Lindas (Igreja Cat\u00f3lica Nossa Senhora de F\u00e1tima) e Castelo S\u00e3o Manoel (Escola Municipal Magdalena Tagliaferro). Vale lembrar que, a partir de agora, quatro equipes ir\u00e3o se dividir no trabalho. Duas ser\u00e3o mantidas nos pontos fixos, enquanto outras duas v\u00e3o percorrer resid\u00eancias locais oferecendo a testagem de casa em casa. As a\u00e7\u00f5es fazem parte da preven\u00e7\u00e3o de uma segunda onda da COVID-19.<\/p>\n\n\n\n<p>\u201cIniciamos o novo processo para dar mais facilidade aos moradores, como no caso dos idosos, e agilidade \u00e0s testagens. Al\u00e9m disso queremos intensificar o processo para a preven\u00e7\u00e3o da segunda onda da doen\u00e7a com o objetivo principal de zelar pela sa\u00fade da popula\u00e7\u00e3o. Nossa expectativa \u00e9 acessar o maior n\u00famero de pessoas poss\u00edvel e, a partir disso, ter um monitoramento ainda mais fiel dos quadros de COVID-19 na cidade\u201d, afirmou a secret\u00e1ria de sa\u00fade do munic\u00edpio, Fab\u00edola Heck.<\/p>\n\n\n\n<p>A prefeitura reiniciou as a\u00e7\u00f5es de testagem em massa da popula\u00e7\u00e3o na \u00faltima semana. At\u00e9 o momento, locais como o Centro da cidade, Nogueira, Araras, Alto da Serra, Corr\u00eaas, Pedro do Rio, Posse e Cascatinha j\u00e1 realizaram as atividades, testando mais de 4 mil pessoas. Vale lembrar que Petr\u00f3polis vem apontando crescimento na contamina\u00e7\u00e3o pela doen\u00e7a e que hospitais, p\u00fablicos e particulares, j\u00e1 apresentam aumento nos n\u00fameros de interna\u00e7\u00f5es pelo novo coronav\u00edrus.<\/p>\n\n\n\n<p>Para os atendimentos \u00e9 exigido um documento de identifica\u00e7\u00e3o com foto e n\u00e3o \u00e9 necess\u00e1ria a realiza\u00e7\u00e3o de cadastro pr\u00e9vio. Os usu\u00e1rios testados, nos pontos fixos e em casa, recebem o resultado em 15 minutos pela equipe t\u00e9cnica respons\u00e1vel pelo trabalho. Nesta quinta-feira (19\/11), os testes est\u00e3o sendo feitos no Madame Machado (Escola Municipal Am\u00e9lia Antunes Rabello) e no Vila Rica (Escola Municipalizada Santa Teresinha). O trabalho acontece sempre das 09h \u00e0s 16h.<\/p>\n","protected":false},"excerpt":{"rendered":"<p>A prefeitura informou que dar\u00e1 continuidade ao novo formato de testagem em massa da popula\u00e7\u00e3o<\/p>\n","protected":false},"author":2,"featured_media":6122,"comment_status":"open","ping_status":"open","sticky":false,"template":"","format":"standard","meta":{"footnotes":""},"categories":[12],"tags":[],"class_list":["post-6121","post","type-post","status-publish","format-standard","has-post-thumbnail","hentry","category-cidade"],"_links":{"self":[{"href":"https:\/\/tvc16.com\/portal\/wp-json\/wp\/v2\/posts\/6121","targetHints":{"allow":["GET"]}}],"collection":[{"href":"https:\/\/tvc16.com\/portal\/wp-json\/wp\/v2\/posts"}],"about":[{"href":"https:\/\/tvc16.com\/portal\/wp-json\/wp\/v2\/types\/post"}],"author":[{"embeddable":true,"href":"https:\/\/tvc16.com\/portal\/wp-json\/wp\/v2\/users\/2"}],"replies":[{"embeddable":true,"href":"https:\/\/tvc16.com\/portal\/wp-json\/wp\/v2\/comments?post=6121"}],"version-history":[{"count":1,"href":"https:\/\/tvc16.com\/portal\/wp-json\/wp\/v2\/posts\/6121\/revisions"}],"predecessor-version":[{"id":6123,"href":"https:\/\/tvc16.com\/portal\/wp-json\/wp\/v2\/posts\/6121\/revisions\/6123"}],"wp:featuredmedia":[{"embeddable":true,"href":"https:\/\/tvc16.com\/portal\/wp-json\/wp\/v2\/media\/6122"}],"wp:attachment":[{"href":"https:\/\/tvc16.com\/portal\/wp-json\/wp\/v2\/media?parent=6121"}],"wp:term":[{"taxonomy":"category","embeddable":true,"href":"https:\/\/tvc16.com\/portal\/wp-json\/wp\/v2\/categories?post=6121"},{"taxonomy":"post_tag","embeddable":true,"href":"https:\/\/tvc16.com\/portal\/wp-json\/wp\/v2\/tags?post=6121"}],"curies":[{"name":"wp","href":"https:\/\/api.w.org\/{rel}","templated":true}]}}