{"id":6128,"date":"2020-11-19T18:55:18","date_gmt":"2020-11-19T21:55:18","guid":{"rendered":"https:\/\/tvc16.com\/portal\/?p=6128"},"modified":"2020-11-19T19:10:22","modified_gmt":"2020-11-19T22:10:22","slug":"mais-tres-pessoas-morrem-de-covid-19-na-cidade","status":"publish","type":"post","link":"https:\/\/tvc16.com\/portal\/2020\/11\/19\/mais-tres-pessoas-morrem-de-covid-19-na-cidade\/","title":{"rendered":"Mais tr\u00eas pessoas morrem de Covid-19 na cidade e n\u00famero de contaminados aumenta"},"content":{"rendered":"\n<p>A Secretaria Municipal de Sa\u00fade registrou nesta quinta-feira (19) mais tr\u00eas \u00f3bitos pela covid-19. Com isso, Petr\u00f3polis chega a 295 mortes causadas pelo coronav\u00edrus e se aproxima da marca dos 300 \u00f3bitos. A secretaria tamb\u00e9m identificou mais 48 infectados, aumentando para 8.536 o total de casos da doen\u00e7a desde o in\u00edcio da pandemia, em mar\u00e7o.<\/p>\n\n\n\n<p>Os registros foram de mortes ocorridas entre 5 e 15 de novembro, sendo duas mulheres, de 68 e 91 anos, e um homem, de 89 anos. Eles estavam internados em unidades hospitalares da cidade.<\/p>\n\n\n\n<p>A primeira v\u00edtima \u00e9 uma idosa, de 91 anos, moradora do Centro. Ela foi internada no dia 23 de outubro no Hospital Unimed e faleceu no \u00faltimo dia 15. A paciente tinha hipertens\u00e3o arterial e diabetes. O segundo \u00f3bito \u00e9 de um homem, de 89 anos, morador do Carangola, que foi internado no dia 30 de outubro no Hospital Nossa Senhora Aparecida (HNSA) e faleceu no dia 05 de novembro. Paciente com hipertens\u00e3o arterial e diabetes. A terceira morte \u00e9 de uma mulher, de 68 anos, moradora da Castel\u00e2nea. Internada no Hospital Nossa Senhora Aparecida (HNSA) ela faleceu no dia 10 de novembro. A paciente sofria com hipertens\u00e3o arterial e diabetes.<\/p>\n\n\n\n<p>Segundo os dados do boletim epidemiol\u00f3gico, at\u00e9 o momento foram realizados 74.072 testes na cidade. Desses, 64.939 resultaram negativos, 8.536 positivos e 597 est\u00e3o em an\u00e1lise, entre PCR e testes r\u00e1pidos. H\u00e1 58 pacientes internados na cidade, podendo ser casos positivos ou ainda em investiga\u00e7\u00e3o esperando o resultado do teste.<\/p>\n\n\n\n<p>Do total de pacientes infectados, 7.034 est\u00e3o recuperados do coronav\u00edrus. Esse n\u00famero se refere \u00e0s pessoas que estiveram internadas nas unidades hospitalares da cidade ou que se mantiveram em isolamento domiciliar e que, hoje, n\u00e3o apresentam mais os principais sintomas da doen\u00e7a.<\/p>\n\n\n\n<p>Nesta quinta-feira (19), o munic\u00edpio contabiliza pelo SUS 18,52% dos leitos cl\u00ednicos e 25,71% de UTI ocupados com pacientes infectados com coronav\u00edrus.<\/p>\n\n\n\n<p>A Secretaria de Sa\u00fade ressalta que os n\u00fameros de pacientes internados s\u00e3o referentes a todos os hospitais de Petr\u00f3polis, incluindo os particulares. J\u00e1 a taxa apresentada na tabela identifica a ocupa\u00e7\u00e3o dos leitos disponibilizados somente pelo SUS. Por essa raz\u00e3o, mesmo que haja oscila\u00e7\u00e3o no n\u00famero de internados, n\u00e3o necessariamente a taxa de ocupa\u00e7\u00e3o ser\u00e1 alterada.<\/p>\n","protected":false},"excerpt":{"rendered":"<p>A Secretaria Municipal de Sa\u00fade registrou nesta quinta-feira (19) mais tr\u00eas \u00f3bitos pela covid-19. Com<\/p>\n","protected":false},"author":2,"featured_media":6143,"comment_status":"open","ping_status":"open","sticky":false,"template":"","format":"standard","meta":{"footnotes":""},"categories":[12],"tags":[],"class_list":["post-6128","post","type-post","status-publish","format-standard","has-post-thumbnail","hentry","category-cidade"],"_links":{"self":[{"href":"https:\/\/tvc16.com\/portal\/wp-json\/wp\/v2\/posts\/6128","targetHints":{"allow":["GET"]}}],"collection":[{"href":"https:\/\/tvc16.com\/portal\/wp-json\/wp\/v2\/posts"}],"about":[{"href":"https:\/\/tvc16.com\/portal\/wp-json\/wp\/v2\/types\/post"}],"author":[{"embeddable":true,"href":"https:\/\/tvc16.com\/portal\/wp-json\/wp\/v2\/users\/2"}],"replies":[{"embeddable":true,"href":"https:\/\/tvc16.com\/portal\/wp-json\/wp\/v2\/comments?post=6128"}],"version-history":[{"count":3,"href":"https:\/\/tvc16.com\/portal\/wp-json\/wp\/v2\/posts\/6128\/revisions"}],"predecessor-version":[{"id":6141,"href":"https:\/\/tvc16.com\/portal\/wp-json\/wp\/v2\/posts\/6128\/revisions\/6141"}],"wp:featuredmedia":[{"embeddable":true,"href":"https:\/\/tvc16.com\/portal\/wp-json\/wp\/v2\/media\/6143"}],"wp:attachment":[{"href":"https:\/\/tvc16.com\/portal\/wp-json\/wp\/v2\/media?parent=6128"}],"wp:term":[{"taxonomy":"category","embeddable":true,"href":"https:\/\/tvc16.com\/portal\/wp-json\/wp\/v2\/categories?post=6128"},{"taxonomy":"post_tag","embeddable":true,"href":"https:\/\/tvc16.com\/portal\/wp-json\/wp\/v2\/tags?post=6128"}],"curies":[{"name":"wp","href":"https:\/\/api.w.org\/{rel}","templated":true}]}}